{"id":9220,"date":"2020-12-16T17:00:17","date_gmt":"2020-12-16T23:00:17","guid":{"rendered":"https:\/\/encuentroinformativo.com.mx\/?p=9220"},"modified":"2020-12-16T17:00:19","modified_gmt":"2020-12-16T23:00:19","slug":"pandemia-sigue-afectando-a-grupos-musicales","status":"publish","type":"post","link":"https:\/\/encuentroinformativo.com.mx\/?p=9220","title":{"rendered":"Pandemia sigue afectando a grupos musicales"},"content":{"rendered":"\n<p><strong>Dar\u00edo Pale <\/strong><\/p>\n\n\n\n<p>Xalapa, Ver.- Debido a la pandemia que se ha presentado en todo el mundo el la cual lleva nueve meses, es el mismo tiempo que la agrupaci\u00f3n musical de cumbia &#8220;Los Caracoles&#8221; tiene sin poder trabajar, lo cual a impactado fuertemente su econom\u00eda.<\/p>\n\n\n\n<p>Entrevistados en los pasillos de conocido caf\u00e9 del centro de Xalapa, se\u00f1alaron que desde hace nueve meses que se suspendieron los eventos masivos tanto particulares como ferias,\u00a0no han podido tener eventos , por lo cual\u00a0 \u00e9ste d\u00eda salieron a pedir el apoyo de la ciudadan\u00eda para que puedan ir solventando los gastos.<\/p>\n\n\n\n<p>Aseguran que han rechazado ofertas para tocar en fiestas en fechas recientes, pues prefieren cuidarse y no exponer a la poblaci\u00f3n para evitar contagios de coronavirus.<\/p>\n\n\n\n<p>Dio a conocer que en estas fechas est\u00e1n celebran 45 a\u00f1os de carrera art\u00edstica, por lo cual est\u00e1n ofreciendo a la venta a trav\u00e9s del formato en DVD junto con un evento musical en redes sociales denominado \u201cAdi\u00f3s a\u00f1o viejo, nom\u00e1s no me grites&#8221;.<\/p>\n\n\n\n<p>Indic\u00f3\u00a0 dijo que entre m\u00fasicos y staff suman 25 personas que dependen de la actividad de Los Caracoles por lo que han incursionado en eventos virtuales\u00a0hasta la venta de comida.<\/p>\n\n\n\n<p>Finalmente dijo que todos aquellos m\u00fasicos que requieran de su apoyo pueden contactarlos y de esa manera hacer una colecta para apoyar a sus compa\u00f1eros.<\/p>\n","protected":false},"excerpt":{"rendered":"<p>Dar\u00edo Pale Xalapa, Ver.- Debido a la pandemia que se ha presentado en todo el mundo el la cual lleva nueve meses, es el mismo tiempo que la agrupaci\u00f3n musical de cumbia &#8220;Los Caracoles&#8221; tiene sin poder trabajar, lo cual a impactado fuertemente su econom\u00eda. Entrevistados en los pasillos de conocido caf\u00e9 del centro de [&hellip;]<\/p>\n","protected":false},"author":1,"featured_media":9221,"comment_status":"open","ping_status":"open","sticky":false,"template":"","format":"standard","meta":{"_jetpack_memberships_contains_paid_content":false,"footnotes":""},"categories":[3],"tags":[],"class_list":["post-9220","post","type-post","status-publish","format-standard","has-post-thumbnail","hentry","category-xalapa"],"jetpack_featured_media_url":"https:\/\/encuentroinformativo.com.mx\/wp-content\/uploads\/2020\/12\/1F0A809E-1184-44CB-92B3-AC09DC037226.jpeg","jetpack_sharing_enabled":true,"jetpack_likes_enabled":true,"amp_enabled":true,"_links":{"self":[{"href":"https:\/\/encuentroinformativo.com.mx\/index.php?rest_route=\/wp\/v2\/posts\/9220","targetHints":{"allow":["GET"]}}],"collection":[{"href":"https:\/\/encuentroinformativo.com.mx\/index.php?rest_route=\/wp\/v2\/posts"}],"about":[{"href":"https:\/\/encuentroinformativo.com.mx\/index.php?rest_route=\/wp\/v2\/types\/post"}],"author":[{"embeddable":true,"href":"https:\/\/encuentroinformativo.com.mx\/index.php?rest_route=\/wp\/v2\/users\/1"}],"replies":[{"embeddable":true,"href":"https:\/\/encuentroinformativo.com.mx\/index.php?rest_route=%2Fwp%2Fv2%2Fcomments&post=9220"}],"version-history":[{"count":1,"href":"https:\/\/encuentroinformativo.com.mx\/index.php?rest_route=\/wp\/v2\/posts\/9220\/revisions"}],"predecessor-version":[{"id":9222,"href":"https:\/\/encuentroinformativo.com.mx\/index.php?rest_route=\/wp\/v2\/posts\/9220\/revisions\/9222"}],"wp:featuredmedia":[{"embeddable":true,"href":"https:\/\/encuentroinformativo.com.mx\/index.php?rest_route=\/wp\/v2\/media\/9221"}],"wp:attachment":[{"href":"https:\/\/encuentroinformativo.com.mx\/index.php?rest_route=%2Fwp%2Fv2%2Fmedia&parent=9220"}],"wp:term":[{"taxonomy":"category","embeddable":true,"href":"https:\/\/encuentroinformativo.com.mx\/index.php?rest_route=%2Fwp%2Fv2%2Fcategories&post=9220"},{"taxonomy":"post_tag","embeddable":true,"href":"https:\/\/encuentroinformativo.com.mx\/index.php?rest_route=%2Fwp%2Fv2%2Ftags&post=9220"}],"curies":[{"name":"wp","href":"https:\/\/api.w.org\/{rel}","templated":true}]}}