{"id":9229,"date":"2020-12-16T17:29:53","date_gmt":"2020-12-16T23:29:53","guid":{"rendered":"https:\/\/encuentroinformativo.com.mx\/?p=9229"},"modified":"2020-12-16T17:29:56","modified_gmt":"2020-12-16T23:29:56","slug":"realizan-colecta-de-viveres-para-zongolica","status":"publish","type":"post","link":"https:\/\/encuentroinformativo.com.mx\/?p=9229","title":{"rendered":"Realizan colecta de v\u00edveres para Zongolica"},"content":{"rendered":"\n<p><strong>Alejandro \u00c1vila<\/strong><\/p>\n\n\n\n<p>Veracruz, Ver.- La fundaci\u00f3n \u201cDejando Huella\u201d se encuentra haciendo colecta de alimentos para llevar a la zona serrana de Zongolica, debido a que tras la pandemia por COVID-19, la dificultad para obtener v\u00edveres ha sido una constante en las poblaciones m\u00e1s vulnerables de la entidad veracruzana.<\/p>\n\n\n\n<p>Este grupo de 13 amigos que se organiz\u00f3 en 2014 para entregar abrigos a ni\u00f1os alrededor de la zona del Cofre de Perote bajo el lema \u201cVeracruz sin fr\u00edo\u201d, ha continuado a\u00f1o con a\u00f1o su labor altruista, \u00fanicamente apoyados por la sociedad civil.<\/p>\n\n\n\n<p>\u201cNosotros b\u00e1sicamente lo que iniciamos haciendo era apoyar a ni\u00f1os con problemas renales, y de hecho lo hicimos activamente en el Hospital Regional, antes de que estuviera el Hospital Infantil, ellos ten\u00edan una zona muy peque\u00f1ita para ni\u00f1os con problemas renales, nuestro primer proyecto as\u00ed grande, fue la renovaci\u00f3n del \u00e1rea que ellos ten\u00edan, con ellos cambiamos pisos, metimos los materiales adecuados, pinturas ep\u00f3xicas, cortinas, aire acondicionado, lo que hicimos fue dejar el \u00e1rea lo m\u00e1s c\u00f3moda para ellos\u201d, detall\u00f3 Irma Yadira Izaguirre, vocera de la Fundaci\u00f3n \u201cDejando Huella\u201d.<\/p>\n\n\n\n<p>Se detall\u00f3 que la colecta est\u00e1 activa en estos momentos y la cierran el d\u00eda 7 de enero del 2021 para hacer la entrega el d\u00eda 9 de enero, donde analizar\u00e1n los puntos espec\u00edficos donde ser\u00e1n entregados los apoyos.<\/p>\n\n\n\n<p>La fundaci\u00f3n se especifica en el apoyo a la ni\u00f1ez veracruzana, \u201cnuestro inter\u00e9s es que la ni\u00f1ez est\u00e9 en las mejores condiciones posibles\u201d, agreg\u00f3.<\/p>\n\n\n\n<p>\u201cPara nuestra fortuna, nosotros logramos generalmente las metas que nos proponemos, la gente nos recibe bien, por lo menos aqu\u00ed en Veracruz las personas siguen dando, siguen confiando\u201d, culmin\u00f3.<\/p>\n","protected":false},"excerpt":{"rendered":"<p>Alejandro \u00c1vila Veracruz, Ver.- La fundaci\u00f3n \u201cDejando Huella\u201d se encuentra haciendo colecta de alimentos para llevar a la zona serrana de Zongolica, debido a que tras la pandemia por COVID-19, la dificultad para obtener v\u00edveres ha sido una constante en las poblaciones m\u00e1s vulnerables de la entidad veracruzana. Este grupo de 13 amigos que se [&hellip;]<\/p>\n","protected":false},"author":1,"featured_media":9230,"comment_status":"open","ping_status":"open","sticky":false,"template":"","format":"standard","meta":{"_jetpack_memberships_contains_paid_content":false,"footnotes":""},"categories":[2],"tags":[],"class_list":["post-9229","post","type-post","status-publish","format-standard","has-post-thumbnail","hentry","category-estado"],"jetpack_featured_media_url":"https:\/\/encuentroinformativo.com.mx\/wp-content\/uploads\/2020\/12\/E38C331C-5C3D-45EF-AE2E-97AB8FD8BA25.jpeg","jetpack_sharing_enabled":true,"jetpack_likes_enabled":true,"amp_enabled":true,"_links":{"self":[{"href":"https:\/\/encuentroinformativo.com.mx\/index.php?rest_route=\/wp\/v2\/posts\/9229","targetHints":{"allow":["GET"]}}],"collection":[{"href":"https:\/\/encuentroinformativo.com.mx\/index.php?rest_route=\/wp\/v2\/posts"}],"about":[{"href":"https:\/\/encuentroinformativo.com.mx\/index.php?rest_route=\/wp\/v2\/types\/post"}],"author":[{"embeddable":true,"href":"https:\/\/encuentroinformativo.com.mx\/index.php?rest_route=\/wp\/v2\/users\/1"}],"replies":[{"embeddable":true,"href":"https:\/\/encuentroinformativo.com.mx\/index.php?rest_route=%2Fwp%2Fv2%2Fcomments&post=9229"}],"version-history":[{"count":1,"href":"https:\/\/encuentroinformativo.com.mx\/index.php?rest_route=\/wp\/v2\/posts\/9229\/revisions"}],"predecessor-version":[{"id":9231,"href":"https:\/\/encuentroinformativo.com.mx\/index.php?rest_route=\/wp\/v2\/posts\/9229\/revisions\/9231"}],"wp:featuredmedia":[{"embeddable":true,"href":"https:\/\/encuentroinformativo.com.mx\/index.php?rest_route=\/wp\/v2\/media\/9230"}],"wp:attachment":[{"href":"https:\/\/encuentroinformativo.com.mx\/index.php?rest_route=%2Fwp%2Fv2%2Fmedia&parent=9229"}],"wp:term":[{"taxonomy":"category","embeddable":true,"href":"https:\/\/encuentroinformativo.com.mx\/index.php?rest_route=%2Fwp%2Fv2%2Fcategories&post=9229"},{"taxonomy":"post_tag","embeddable":true,"href":"https:\/\/encuentroinformativo.com.mx\/index.php?rest_route=%2Fwp%2Fv2%2Ftags&post=9229"}],"curies":[{"name":"wp","href":"https:\/\/api.w.org\/{rel}","templated":true}]}}