{"id":9232,"date":"2020-12-17T09:33:54","date_gmt":"2020-12-17T15:33:54","guid":{"rendered":"https:\/\/encuentroinformativo.com.mx\/?p=9232"},"modified":"2020-12-17T09:33:56","modified_gmt":"2020-12-17T15:33:56","slug":"tapaderas-en-medellin","status":"publish","type":"post","link":"https:\/\/encuentroinformativo.com.mx\/?p=9232","title":{"rendered":"Tapaderas en Medell\u00edn"},"content":{"rendered":"\n<p><strong>Los Pol\u00edticos<\/strong><\/p>\n\n\n\n<p><strong>Salvador Mu\u00f1oz<\/strong><\/p>\n\n\n\n<p>En Medell\u00edn de Bravo, todo indica que el candidato del PAN por la alcald\u00eda, ha de ser Gabriel C\u00e1rdenas Gu\u00edzar, jefe de Gabinete de Polo Deschamps. No sorprende. Al final, tanto el alcalde como su subalterno, cuentan con el apoyo de su grupo pol\u00edtico, conformado por Tito Delf\u00edn y Enrique Cambranis.<\/p>\n\n\n\n<p>Uno pudiera pensar que C\u00e1rdenas Gu\u00edzar ser\u00eda la oportunidad de darle continuidad al proyecto de Gobierno que busca el desarrollo econ\u00f3mico de Medell\u00edn y nadie, en su sano juicio, lo discutir\u00eda\u2026 claro, si hubiera tal plan pensado en este municipio.<\/p>\n\n\n\n<p>La percepci\u00f3n que tiene el vecino de Medell\u00edn es que efectivamente, posiblemente el prop\u00f3sito de impulsar a Gabriel C\u00e1rdenas sea \u00e9se, continuar lo que Polo Deschamps hizo con Luis Gerardo P\u00e9rez P\u00e9rez: hacerla de tapadera.<\/p>\n\n\n\n<p>Hay que recordar que Luis Gerardo lleg\u00f3 a la alcald\u00eda despu\u00e9s del desafuero de Omar Cruz Reyes, a quien vincularon con el homicidio del periodista Mois\u00e9s S\u00e1nchez. Algo debi\u00f3 haber hecho mal (o \u201cmuy bien\u201d) el edil suplente con la empresa regiomontana NL Lighting de Monterrey (encargada de instalar l\u00e1mparas por millonaria cantidad) para que al actual alcalde, Polo Deschamps, lo dejaran sin luz, por citar lo inmediato, en Palacio Municipal. Aunque si hubiera hecho algo mal el ex alcalde, entiende uno que se debi\u00f3 proceder en contra de P\u00e9rez P\u00e9rez\u2026 pero Polo no hizo nada, lo que de cierto modo, deslinda de alguna irresponsabilidad a su antecesor, aunque entonces \u00e9l asuma y se haga responsable de lo que est\u00e1 ocurriendo en el edificio que alberga el poder municipal: el cort\u00f3n de la CFE que los tiene \u201ca oscuras\u201d.<\/p>\n\n\n\n<p>Claro, \u201ca oscuras\u201d es un decir\u2026 preferible gastar en plantas de luz que alimenten de energ\u00eda el palacio que pagar dos a\u00f1os y cachote de deudas a don Manuel Bartlett. \u00a1Vamos! De cierto modo, a Polo Deschamps le cay\u00f3 como anillo al dedo la pandemia porque as\u00ed, ya no gasta tanto en luz en el Palacio Municipal\u2026 por eso se habla de las ventajas de que Gabriel C\u00e1rdenas Gu\u00edzar sea el alfil del alcalde\u2026 para darle \u201ccontinuidad\u201d al gobierno panista que es obvio, parece que es de tapaderas\u2026<\/p>\n\n\n\n<p>El escenario que pinta Polo Deschamps al exterior, contrasta entonces con la realidad de Medell\u00edn. No se puede negar que la estrategia y manejo de imagen del alcalde es buena pero eso en poco ayuda al vecino de este lugar que se ha convertido en un municipio-hotel\u2026 el medellinense sale a las 7 u ocho de la ma\u00f1ana a Veracruz o Boca del R\u00edo a sus centros de trabajo y regresa entre 8 y nueve de la noche a dormir\u2026 la vida en Medell\u00edn es taciturna.<\/p>\n\n\n\n<p>Si pretende participar Gabriel C\u00e1rdenas en estas elecciones, tendr\u00e1 que borrar esa mala impresi\u00f3n que el panismo ha hecho en Medell\u00edn: ser tapadera del antecesor&#8230; aunque siendo m\u00e1s precisos, la percepci\u00f3n en Medell\u00edn es que s\u00f3lo hay una tapadera y es la que cubre a Luis Gerardo.<\/p>\n\n\n\n<p>Medell\u00edn merece algo mejor que ser s\u00f3lo mano de obra de Boca del R\u00edo y el Puerto, y crean que eso no es Marcos Isle\u00f1o, otro de los aspirantes a suceder a Polo, aunque dicho sea de paso, hay dos verdades medellinenses en torno a este ex alcalde que lleg\u00f3 por el PVEM en su momento a gobernar el municipio:<\/p>\n\n\n\n<p>La primera) Despu\u00e9s de que fue alcalde, Marcos Isle\u00f1o se apunta a cualquier proceso electoral sin que gane una\u2026&nbsp;<\/p>\n\n\n\n<p>La segunda) Despu\u00e9s de que fue alcalde, no se sabe en qu\u00e9 trabaja Marcos Isle\u00f1o o peor a\u00fan: se sabe que no trabaja.<\/p>\n\n\n\n<p>Por ah\u00ed hay otros dos aspirantes a la alcald\u00eda de Medell\u00edn\u2026 pero de \u00e9sos hablaremos en otra ocasi\u00f3n\u2026 la cuartilla lleg\u00f3 a su l\u00edmite y con lo suficiente para que el vecino de este municipio vaya reflexionando sobre el futuro que quiere para s\u00ed, para su familia, para Medell\u00edn\u2026<\/p>\n\n\n\n<p><a href=\"mailto:smcainito@gmail.com\" target=\"_blank\" rel=\"noreferrer noopener\">smcainito@gmail.com<\/a><\/p>\n","protected":false},"excerpt":{"rendered":"<p>Los Pol\u00edticos Salvador Mu\u00f1oz En Medell\u00edn de Bravo, todo indica que el candidato del PAN por la alcald\u00eda, ha de ser Gabriel C\u00e1rdenas Gu\u00edzar, jefe de Gabinete de Polo Deschamps. No sorprende. Al final, tanto el alcalde como su subalterno, cuentan con el apoyo de su grupo pol\u00edtico, conformado por Tito Delf\u00edn y Enrique Cambranis. [&hellip;]<\/p>\n","protected":false},"author":1,"featured_media":70,"comment_status":"open","ping_status":"open","sticky":false,"template":"","format":"standard","meta":{"_jetpack_memberships_contains_paid_content":false,"footnotes":""},"categories":[11],"tags":[],"class_list":["post-9232","post","type-post","status-publish","format-standard","has-post-thumbnail","hentry","category-opinion"],"jetpack_featured_media_url":"https:\/\/encuentroinformativo.com.mx\/wp-content\/uploads\/2020\/02\/opinion-invitado.jpg","jetpack_sharing_enabled":true,"jetpack_likes_enabled":true,"amp_enabled":true,"_links":{"self":[{"href":"https:\/\/encuentroinformativo.com.mx\/index.php?rest_route=\/wp\/v2\/posts\/9232","targetHints":{"allow":["GET"]}}],"collection":[{"href":"https:\/\/encuentroinformativo.com.mx\/index.php?rest_route=\/wp\/v2\/posts"}],"about":[{"href":"https:\/\/encuentroinformativo.com.mx\/index.php?rest_route=\/wp\/v2\/types\/post"}],"author":[{"embeddable":true,"href":"https:\/\/encuentroinformativo.com.mx\/index.php?rest_route=\/wp\/v2\/users\/1"}],"replies":[{"embeddable":true,"href":"https:\/\/encuentroinformativo.com.mx\/index.php?rest_route=%2Fwp%2Fv2%2Fcomments&post=9232"}],"version-history":[{"count":1,"href":"https:\/\/encuentroinformativo.com.mx\/index.php?rest_route=\/wp\/v2\/posts\/9232\/revisions"}],"predecessor-version":[{"id":9233,"href":"https:\/\/encuentroinformativo.com.mx\/index.php?rest_route=\/wp\/v2\/posts\/9232\/revisions\/9233"}],"wp:featuredmedia":[{"embeddable":true,"href":"https:\/\/encuentroinformativo.com.mx\/index.php?rest_route=\/wp\/v2\/media\/70"}],"wp:attachment":[{"href":"https:\/\/encuentroinformativo.com.mx\/index.php?rest_route=%2Fwp%2Fv2%2Fmedia&parent=9232"}],"wp:term":[{"taxonomy":"category","embeddable":true,"href":"https:\/\/encuentroinformativo.com.mx\/index.php?rest_route=%2Fwp%2Fv2%2Fcategories&post=9232"},{"taxonomy":"post_tag","embeddable":true,"href":"https:\/\/encuentroinformativo.com.mx\/index.php?rest_route=%2Fwp%2Fv2%2Ftags&post=9232"}],"curies":[{"name":"wp","href":"https:\/\/api.w.org\/{rel}","templated":true}]}}