{"id":9237,"date":"2020-12-17T13:11:43","date_gmt":"2020-12-17T19:11:43","guid":{"rendered":"https:\/\/encuentroinformativo.com.mx\/?p=9237"},"modified":"2020-12-17T13:11:45","modified_gmt":"2020-12-17T19:11:45","slug":"amagan-concesionarios-con-cerrar-verificentros-rechazan-cambios","status":"publish","type":"post","link":"https:\/\/encuentroinformativo.com.mx\/?p=9237","title":{"rendered":"Amagan concesionarios con cerrar verificentros, rechazan cambios"},"content":{"rendered":"\n<p><strong>Dar\u00edo Pale <\/strong><\/p>\n\n\n\n<p>Xalapa, Ver.- Protestan frente al Congreso del Estado los concesionarios de Verificentros y centros de verificaci\u00f3n por la intenci\u00f3n de que ahora el Estado cobre directamente el servicio, pero\u00a0que no van a permitirlo, buscar\u00e1n v\u00edas legales y hasta el cierre de los centros.<\/p>\n\n\n\n<p>Entrevistado durante la manifestaci\u00f3n en las afueras del Congreso Alejandro Huesca Sota,\u00a0presidente de la Asociaci\u00f3n de Verificentros Ambientalistas por Veracruz, se\u00f1al\u00f3 que\u00a0el gobierno de Veracruz pretende modificar el C\u00f3digo de Derechos y el pago se haga directamente a la tesorer\u00eda estatal, \u00a0por lo que explic\u00f3 que no tienen ning\u00fan argumento legal que los justifique a hacer lo que est\u00e1n haciendo, pero quieren ingresar la propuesta a las comisiones de Hacienda y de Medio Ambiente para aprobarla a inicios del pr\u00f3ximo a\u00f1o.<\/p>\n\n\n\n<p>&#8220;Estamos tratando de ayudar a los m\u00e1s de 8 millones de veracruzanos porque se pretende que, a partir de enero de 2021, la gente vaya a verificar y vaya a hacer su tenencia y est\u00e9n al corriente en los dos rubros&#8221;, se\u00f1al\u00f3.<\/p>\n\n\n\n<p>Dio a conocer que si, por ejemplo, intentan pagar la tendencia sin hacer la verificaci\u00f3n, no se les permitir\u00e1, con ello se podr\u00edan perder los derechos a descuentos que se hacen al iniciar el a\u00f1o, asimismo, si no se paga, se podr\u00eda iniciar un proceso de embargo y, lo peor, es que se subir\u00e1 a bur\u00f3 de cr\u00e9dito a los deudores.<\/p>\n\n\n\n<p>&#8220;No es que est\u00e9n afectando a los concesionarios de verificentros o centros de verificaci\u00f3n, se est\u00e1 afectando al ciudadano, pretenden que se vayan a formar al banco, a hacer m\u00e1s aglomeraciones, que vayan a un Oxxo a pagar 10 o 15 pesos m\u00e1s de la comisi\u00f3n. No es justo, no se vale&#8221;, acus\u00f3.<\/p>\n\n\n\n<p>Se\u00f1al\u00f3 que intentar\u00edan dialogar con la diputada de Morena, Maru Corro, quien es la autora de la iniciativa que se presentar\u00e1 en este \u00faltimo d\u00eda de sesi\u00f3n, por lo que desconoce\u00a0qu\u00e9 va a pasar con los ciudadanos que quieran una factura por el servicio o que quieran un cr\u00e9dito, qu\u00e9 va a pasar con el dinero de los concesionarios, cu\u00e1ndo se los van a pagar.<\/p>\n\n\n\n<p>Lament\u00f3 que los diputados piensen que est\u00e1n tratando con &#8220;chamacos&#8221;, pero advirti\u00f3 que no est\u00e1n dispuestos a seguir con su juego,\u00a0&#8220;vamos a tratar de hablar por la v\u00eda pac\u00edfica, pero si ellos no quieren voltear a vernos, lo vamos a empezar a hacer por la v\u00eda legal y sobre todo, por la presi\u00f3n social&#8221;.<\/p>\n\n\n\n<p>&#8220;Estamos dispuestos a cerrar nuestros establecimientos como medida en todo el Estado para que se provoque un caos, para que ellos no tengan donde verificar. Nosotros somos una extensi\u00f3n de Gobierno y no se vale que nos est\u00e9n metiendo en m\u00e1s conflictos y a los ciudadanos, en lugar de ayudar. Si es necesario que cerremos todo el Estado y se los colapsemos, se lo vamos a hacer&#8221;, finaliz\u00f3.<\/p>\n","protected":false},"excerpt":{"rendered":"<p>Dar\u00edo Pale Xalapa, Ver.- Protestan frente al Congreso del Estado los concesionarios de Verificentros y centros de verificaci\u00f3n por la intenci\u00f3n de que ahora el Estado cobre directamente el servicio, pero\u00a0que no van a permitirlo, buscar\u00e1n v\u00edas legales y hasta el cierre de los centros. Entrevistado durante la manifestaci\u00f3n en las afueras del Congreso Alejandro [&hellip;]<\/p>\n","protected":false},"author":1,"featured_media":5100,"comment_status":"open","ping_status":"open","sticky":false,"template":"","format":"standard","meta":{"_jetpack_memberships_contains_paid_content":false,"footnotes":""},"categories":[2],"tags":[],"class_list":["post-9237","post","type-post","status-publish","format-standard","has-post-thumbnail","hentry","category-estado"],"jetpack_featured_media_url":"https:\/\/encuentroinformativo.com.mx\/wp-content\/uploads\/2020\/08\/5DE444B7-AD52-47C7-AAD4-0E6EA0406258.jpeg","jetpack_sharing_enabled":true,"jetpack_likes_enabled":true,"amp_enabled":true,"_links":{"self":[{"href":"https:\/\/encuentroinformativo.com.mx\/index.php?rest_route=\/wp\/v2\/posts\/9237","targetHints":{"allow":["GET"]}}],"collection":[{"href":"https:\/\/encuentroinformativo.com.mx\/index.php?rest_route=\/wp\/v2\/posts"}],"about":[{"href":"https:\/\/encuentroinformativo.com.mx\/index.php?rest_route=\/wp\/v2\/types\/post"}],"author":[{"embeddable":true,"href":"https:\/\/encuentroinformativo.com.mx\/index.php?rest_route=\/wp\/v2\/users\/1"}],"replies":[{"embeddable":true,"href":"https:\/\/encuentroinformativo.com.mx\/index.php?rest_route=%2Fwp%2Fv2%2Fcomments&post=9237"}],"version-history":[{"count":1,"href":"https:\/\/encuentroinformativo.com.mx\/index.php?rest_route=\/wp\/v2\/posts\/9237\/revisions"}],"predecessor-version":[{"id":9238,"href":"https:\/\/encuentroinformativo.com.mx\/index.php?rest_route=\/wp\/v2\/posts\/9237\/revisions\/9238"}],"wp:featuredmedia":[{"embeddable":true,"href":"https:\/\/encuentroinformativo.com.mx\/index.php?rest_route=\/wp\/v2\/media\/5100"}],"wp:attachment":[{"href":"https:\/\/encuentroinformativo.com.mx\/index.php?rest_route=%2Fwp%2Fv2%2Fmedia&parent=9237"}],"wp:term":[{"taxonomy":"category","embeddable":true,"href":"https:\/\/encuentroinformativo.com.mx\/index.php?rest_route=%2Fwp%2Fv2%2Fcategories&post=9237"},{"taxonomy":"post_tag","embeddable":true,"href":"https:\/\/encuentroinformativo.com.mx\/index.php?rest_route=%2Fwp%2Fv2%2Ftags&post=9237"}],"curies":[{"name":"wp","href":"https:\/\/api.w.org\/{rel}","templated":true}]}}