{"id":9248,"date":"2020-12-17T13:46:43","date_gmt":"2020-12-17T19:46:43","guid":{"rendered":"https:\/\/encuentroinformativo.com.mx\/?p=9248"},"modified":"2020-12-17T13:46:45","modified_gmt":"2020-12-17T19:46:45","slug":"amplian-albergue-de-las-patronas-en-amatlan","status":"publish","type":"post","link":"https:\/\/encuentroinformativo.com.mx\/?p=9248","title":{"rendered":"Ampl\u00edan albergue de Las Patronas en Amatl\u00e1n"},"content":{"rendered":"\n<p><strong>Juan Arcos <\/strong><\/p>\n\n\n\n<p>Xalapa, Ver.- El grupo de mujeres conocidas como \u201cLas Patronas\u201d inauguraron un nuevo espacio en sus instalaciones, ubicadas en el municipio de Amatl\u00e1n de los Reyes, para resguardar y atender a un mayor n\u00famero de migrantes centroamericanos que llegan en el tren que llaman \u201cLa Bestia\u201d.<\/p>\n\n\n\n<p>As\u00ed lo dio a conocer Norma Romero V\u00e1zquez, coordinadora de Las Patronas, quien adem\u00e1s record\u00f3 que pese a la emergencia sanitaria, decidieron no cerrar su albergue, para seguir recibiendo a los extranjeros, pues el flujo migratorio contin\u00faa en la entidad.<\/p>\n\n\n\n<p>La entrevistada record\u00f3 que, en primera instancia, hab\u00edan habilitado la capilla que se encuentra junto a su refugio, para atender a quienes presentar\u00e1n s\u00edntomas de coronavirus.<\/p>\n\n\n\n<p>Agreg\u00f3 que se han aplicado las medidas sanitarias, como tomar la temperatura, proporcionar gel antibacterial y garantizar la sana distancia.<\/p>\n\n\n\n<p>Sin embargo, dijo que hasta el momento no han recibido migrantes con s\u00edntomas de SARS-COV-2 (COVID-19) y est\u00e1n preparadas para recibirlos y canalizarlos a centros de salud.<\/p>\n\n\n\n<p>\u201cEn la cl\u00ednica del pueblo ya nos hab\u00edamos informado sobre las medidas que deb\u00edamos tomar en caso de que se presentara alg\u00fan caso con s\u00edntomas de COVID-19\u201d.<\/p>\n\n\n\n<p>Romero V\u00e1zquez tambi\u00e9n coment\u00f3 que una asociaci\u00f3n civil de Estados Unidos realiz\u00f3 la donaci\u00f3n para la construcci\u00f3n de un nuevo espacio, durante la pandemia.<\/p>\n\n\n\n<p>Refiri\u00f3 que el inmueble fue habilitado con literas y tiene una capacidad para 50 personas.<\/p>\n\n\n\n<p>\u201cSeguiremos haciendo el trabajo como corresponde y seguiremos ech\u00e1ndole la mano al hermano, ya sea mexicano o centroamericano, porque pasan de los dos, y vamos a estar para apoyarlos, no importa el pa\u00eds, no importa la religi\u00f3n y sobre todo no importa el color\u201d, finaliz\u00f3.<\/p>\n","protected":false},"excerpt":{"rendered":"<p>Juan Arcos Xalapa, Ver.- El grupo de mujeres conocidas como \u201cLas Patronas\u201d inauguraron un nuevo espacio en sus instalaciones, ubicadas en el municipio de Amatl\u00e1n de los Reyes, para resguardar y atender a un mayor n\u00famero de migrantes centroamericanos que llegan en el tren que llaman \u201cLa Bestia\u201d. As\u00ed lo dio a conocer Norma Romero [&hellip;]<\/p>\n","protected":false},"author":1,"featured_media":9249,"comment_status":"open","ping_status":"open","sticky":false,"template":"","format":"standard","meta":{"_jetpack_memberships_contains_paid_content":false,"footnotes":""},"categories":[2],"tags":[],"class_list":["post-9248","post","type-post","status-publish","format-standard","has-post-thumbnail","hentry","category-estado"],"jetpack_featured_media_url":"https:\/\/encuentroinformativo.com.mx\/wp-content\/uploads\/2020\/12\/08A8CF79-C713-4218-9EFB-E78D1E96EDD1.jpeg","jetpack_sharing_enabled":true,"jetpack_likes_enabled":true,"amp_enabled":true,"_links":{"self":[{"href":"https:\/\/encuentroinformativo.com.mx\/index.php?rest_route=\/wp\/v2\/posts\/9248","targetHints":{"allow":["GET"]}}],"collection":[{"href":"https:\/\/encuentroinformativo.com.mx\/index.php?rest_route=\/wp\/v2\/posts"}],"about":[{"href":"https:\/\/encuentroinformativo.com.mx\/index.php?rest_route=\/wp\/v2\/types\/post"}],"author":[{"embeddable":true,"href":"https:\/\/encuentroinformativo.com.mx\/index.php?rest_route=\/wp\/v2\/users\/1"}],"replies":[{"embeddable":true,"href":"https:\/\/encuentroinformativo.com.mx\/index.php?rest_route=%2Fwp%2Fv2%2Fcomments&post=9248"}],"version-history":[{"count":1,"href":"https:\/\/encuentroinformativo.com.mx\/index.php?rest_route=\/wp\/v2\/posts\/9248\/revisions"}],"predecessor-version":[{"id":9250,"href":"https:\/\/encuentroinformativo.com.mx\/index.php?rest_route=\/wp\/v2\/posts\/9248\/revisions\/9250"}],"wp:featuredmedia":[{"embeddable":true,"href":"https:\/\/encuentroinformativo.com.mx\/index.php?rest_route=\/wp\/v2\/media\/9249"}],"wp:attachment":[{"href":"https:\/\/encuentroinformativo.com.mx\/index.php?rest_route=%2Fwp%2Fv2%2Fmedia&parent=9248"}],"wp:term":[{"taxonomy":"category","embeddable":true,"href":"https:\/\/encuentroinformativo.com.mx\/index.php?rest_route=%2Fwp%2Fv2%2Fcategories&post=9248"},{"taxonomy":"post_tag","embeddable":true,"href":"https:\/\/encuentroinformativo.com.mx\/index.php?rest_route=%2Fwp%2Fv2%2Ftags&post=9248"}],"curies":[{"name":"wp","href":"https:\/\/api.w.org\/{rel}","templated":true}]}}