{"id":9251,"date":"2020-12-17T14:32:31","date_gmt":"2020-12-17T20:32:31","guid":{"rendered":"https:\/\/encuentroinformativo.com.mx\/?p=9251"},"modified":"2020-12-17T14:32:34","modified_gmt":"2020-12-17T20:32:34","slug":"ingreso-de-uber-agravaria-crisis-financiera-de-transportistas-economista","status":"publish","type":"post","link":"https:\/\/encuentroinformativo.com.mx\/?p=9251","title":{"rendered":"Ingreso de Uber agravar\u00eda crisis financiera de transportistas: Economista"},"content":{"rendered":"\n<p><strong>Juan Arcos <\/strong><\/p>\n\n\n\n<p>Xalapa, Ver.- Para el estado de Veracruz no es conveniente el ingreso de la empresa de transporte Uber, toda vez que esto agravar\u00eda la situaci\u00f3n financiera del gremio transportista.<\/p>\n\n\n\n<p>As\u00ed lo consider\u00f3 el presidente del Colegio de Economistas de Veracruz, Humberto Flores Huerta, quien a\u00f1adi\u00f3 que en este momento resultar\u00eda negativo ampliar el servicio p\u00fablico.<\/p>\n\n\n\n<p>\u201cEn estos momentos no es conveniente aperturar m\u00e1s servicios de este tipo, en primera por lo mismo del COVID-19, la gente a\u00fan todav\u00eda sigue en sus casas, sigue guardando cierta distancia de acuerdo a las normas de salud, mi opini\u00f3n y como economista es que no traer\u00eda m\u00e1s beneficios econ\u00f3micos\u201d.<\/p>\n\n\n\n<p>A su juicio, en gobiernos pasados se otorgaron varias consecuciones para servicio p\u00fablico colectivo y de taxis, por lo que la oferta es mayor a la demanda en la actualidad por la emergencia sanitaria.<\/p>\n\n\n\n<p>\u201cEn segunda, existen muchas concesiones que se dieron en gobiernos anteriores y se siguen dando en los actuales, hay muchas concesiones como de servicio p\u00fablico de combis y taxis, no es momento de ampliar este servicio\u201d.<\/p>\n\n\n\n<p>Flores Huerta asever\u00f3 que los choferes de taxi se ver\u00edan afectados, debido a que no logran ni siquiera cubrir la cuota con los due\u00f1os de las unidades.<\/p>\n\n\n\n<p>\u201cAdem\u00e1s afectar\u00eda mucho a las personas que se dedican a esto, pues hay que recordar que hay taxistas que al d\u00eda salen o a veces no sacan ni la cuenta, hay concesionarios que tienen cuatro o cinco concesiones y ah\u00ed los choferes son los que pagar\u00edan los platos rotos\u201d, agreg\u00f3.<\/p>\n\n\n\n<p>El especialista mencion\u00f3 que en las zonas conurbadas, como Xalapa, Banderilla, San Andr\u00e9s Tlalnelhuayocan y Coatepec es necesario cambiar la modalidad de transporte grande por uno m\u00e1s peque\u00f1o.<\/p>\n\n\n\n<p>\u201cPorque te ahorras tiempo, te ahorras costos, es menor en costo en carros chicos, tanto en mantenimiento como en combustible. Traer\u00eda un mayor beneficio para el transportista como para el usuario\u201d, finaliz\u00f3.<\/p>\n","protected":false},"excerpt":{"rendered":"<p>Juan Arcos Xalapa, Ver.- Para el estado de Veracruz no es conveniente el ingreso de la empresa de transporte Uber, toda vez que esto agravar\u00eda la situaci\u00f3n financiera del gremio transportista. As\u00ed lo consider\u00f3 el presidente del Colegio de Economistas de Veracruz, Humberto Flores Huerta, quien a\u00f1adi\u00f3 que en este momento resultar\u00eda negativo ampliar el [&hellip;]<\/p>\n","protected":false},"author":1,"featured_media":9252,"comment_status":"open","ping_status":"open","sticky":false,"template":"","format":"standard","meta":{"_jetpack_memberships_contains_paid_content":false,"footnotes":""},"categories":[2],"tags":[],"class_list":["post-9251","post","type-post","status-publish","format-standard","has-post-thumbnail","hentry","category-estado"],"jetpack_featured_media_url":"https:\/\/encuentroinformativo.com.mx\/wp-content\/uploads\/2020\/12\/5BF90182-D4D5-4B16-8719-6E9D4BD63045.jpeg","jetpack_sharing_enabled":true,"jetpack_likes_enabled":true,"amp_enabled":true,"_links":{"self":[{"href":"https:\/\/encuentroinformativo.com.mx\/index.php?rest_route=\/wp\/v2\/posts\/9251","targetHints":{"allow":["GET"]}}],"collection":[{"href":"https:\/\/encuentroinformativo.com.mx\/index.php?rest_route=\/wp\/v2\/posts"}],"about":[{"href":"https:\/\/encuentroinformativo.com.mx\/index.php?rest_route=\/wp\/v2\/types\/post"}],"author":[{"embeddable":true,"href":"https:\/\/encuentroinformativo.com.mx\/index.php?rest_route=\/wp\/v2\/users\/1"}],"replies":[{"embeddable":true,"href":"https:\/\/encuentroinformativo.com.mx\/index.php?rest_route=%2Fwp%2Fv2%2Fcomments&post=9251"}],"version-history":[{"count":1,"href":"https:\/\/encuentroinformativo.com.mx\/index.php?rest_route=\/wp\/v2\/posts\/9251\/revisions"}],"predecessor-version":[{"id":9253,"href":"https:\/\/encuentroinformativo.com.mx\/index.php?rest_route=\/wp\/v2\/posts\/9251\/revisions\/9253"}],"wp:featuredmedia":[{"embeddable":true,"href":"https:\/\/encuentroinformativo.com.mx\/index.php?rest_route=\/wp\/v2\/media\/9252"}],"wp:attachment":[{"href":"https:\/\/encuentroinformativo.com.mx\/index.php?rest_route=%2Fwp%2Fv2%2Fmedia&parent=9251"}],"wp:term":[{"taxonomy":"category","embeddable":true,"href":"https:\/\/encuentroinformativo.com.mx\/index.php?rest_route=%2Fwp%2Fv2%2Fcategories&post=9251"},{"taxonomy":"post_tag","embeddable":true,"href":"https:\/\/encuentroinformativo.com.mx\/index.php?rest_route=%2Fwp%2Fv2%2Ftags&post=9251"}],"curies":[{"name":"wp","href":"https:\/\/api.w.org\/{rel}","templated":true}]}}