{"id":9254,"date":"2020-12-18T10:02:09","date_gmt":"2020-12-18T16:02:09","guid":{"rendered":"https:\/\/encuentroinformativo.com.mx\/?p=9254"},"modified":"2020-12-18T10:02:12","modified_gmt":"2020-12-18T16:02:12","slug":"pide-diputado-intervencion-del-gobierno-para-solucionar-conflicto-de-braskem-idesa","status":"publish","type":"post","link":"https:\/\/encuentroinformativo.com.mx\/?p=9254","title":{"rendered":"Pide diputado intervenci\u00f3n del Gobierno para solucionar conflicto de Braskem-Idesa"},"content":{"rendered":"\n<p>Xalapa, Ver.- Resultado del paro de operaciones del Complejo Braskem-Idesa y la grave afectaci\u00f3n que ocasionar\u00eda a las familias del sur de la entidad, el diputado Gonzalo Gu\u00edzar Valladares, del Distrito XXX, Coatzacoalcos II, present\u00f3 al Pleno del Congreso del Estado un Anteproyecto con Punto de Acuerdo, por el cual se prev\u00e9 exhortar al Gobierno Federal y a las autoridades del sector energ\u00e9tico a entablar di\u00e1logo con la empresa, con la finalidad de procurar la inversi\u00f3n y la cadena productiva.<\/p>\n\n\n\n<p>El diputado del Partido Encuentro Solidario (PES) plante\u00f3 la imperiosa necesidad de conservar y generar empleos en la zona sur del estado de Veracruz.<\/p>\n\n\n\n<p>Propuso la creaci\u00f3n de una Comisi\u00f3n Especial en la LXV Legislatura de Veracruz, integrada con las diferentes fuerzas pol\u00edticas representadas en este Poder, con la finalidad de dar seguimiento a este conflicto.<\/p>\n\n\n\n<p>En su intervenci\u00f3n, durante la quinta sesi\u00f3n ordinaria, Gu\u00edzar Valladares dijo que en d\u00edas pasados la empresa Braskem-Idesa suspendi\u00f3 el suministro de gas para la operaci\u00f3n del Complejo Petroqu\u00edmico Etilo, lo que dejar\u00e1 sin empleo a miles de trabajadores de los municipios de Coatzacoalcos, Nanchital e Ixhuatl\u00e1n del Sureste.<\/p>\n\n\n\n<p>Destac\u00f3 que un paro prolongado en la operaci\u00f3n de dicho complejo petroqu\u00edmico impactar\u00eda gravemente a la peque\u00f1a y mediana empresa veracruzana, as\u00ed como la econom\u00eda nacional en su conjunto, pues la cadena productiva qu\u00edmica, petroqu\u00edmica y del pl\u00e1stico aporta en la actualidad cerca de mil 500 millones de d\u00f3lares anuales a la balanza comercial por efecto de sustituci\u00f3n de importaciones.<\/p>\n\n\n\n<p>Consider\u00f3 que los tres mil empleos totales, entre directos e indirectos, se ver\u00e1n amenazados y con ello los 15 mil miembros de familia que dependen de la actividad econ\u00f3mica que genera dicha empresa, aunado a los m\u00e1s de 250 proveedores que suministran bienes y servicios para realizar operaciones, cuya derrama asciende a m\u00e1s de mil millones de pesos anuales.<\/p>\n\n\n\n<p>El legislador Gonzalo Gu\u00edzar detall\u00f3 que establecer comunicaci\u00f3n inmediata entre el Centro Nacional de Control del Gas Natural (Cenegas) y la empresa Braskem-Idesa, con la finalidad de reestablecer el servicio de transporte de gas natural, significar\u00e1 salvaguardar numerosos empleos y la econom\u00eda local, principalmente de comerciantes, restauranteros, hoteleros y otros prestadores de servicios que tienen su centro de operaci\u00f3n en municipios del sur de Veracruz.<\/p>\n\n\n\n<p>\u201cEl no tener un acuerdo sobre esta problem\u00e1tica, desde mi punto de vista, podr\u00eda significar da\u00f1os irreparables en el presente y futuro a las familias veracruzanas y a la econom\u00eda de la entidad, siendo posible antes encontrar una soluci\u00f3n viable\u201d, concluy\u00f3.<\/p>\n\n\n\n<p>Tras la lectura del Anteproyecto con Punto de Acuerdo, la Mesa Directiva instruy\u00f3 turnarlo a la Junta de Coordinaci\u00f3n Pol\u00edtica, para el tr\u00e1mite legislativo correspondiente.<\/p>\n","protected":false},"excerpt":{"rendered":"<p>Xalapa, Ver.- Resultado del paro de operaciones del Complejo Braskem-Idesa y la grave afectaci\u00f3n que ocasionar\u00eda a las familias del sur de la entidad, el diputado Gonzalo Gu\u00edzar Valladares, del Distrito XXX, Coatzacoalcos II, present\u00f3 al Pleno del Congreso del Estado un Anteproyecto con Punto de Acuerdo, por el cual se prev\u00e9 exhortar al Gobierno [&hellip;]<\/p>\n","protected":false},"author":1,"featured_media":9255,"comment_status":"open","ping_status":"open","sticky":false,"template":"","format":"standard","meta":{"_jetpack_memberships_contains_paid_content":false,"footnotes":""},"categories":[2],"tags":[],"class_list":["post-9254","post","type-post","status-publish","format-standard","has-post-thumbnail","hentry","category-estado"],"jetpack_featured_media_url":"https:\/\/encuentroinformativo.com.mx\/wp-content\/uploads\/2020\/12\/9ABEC8C2-1E0D-49C2-A325-EDF5F1AC104D.jpeg","jetpack_sharing_enabled":true,"jetpack_likes_enabled":true,"amp_enabled":true,"_links":{"self":[{"href":"https:\/\/encuentroinformativo.com.mx\/index.php?rest_route=\/wp\/v2\/posts\/9254","targetHints":{"allow":["GET"]}}],"collection":[{"href":"https:\/\/encuentroinformativo.com.mx\/index.php?rest_route=\/wp\/v2\/posts"}],"about":[{"href":"https:\/\/encuentroinformativo.com.mx\/index.php?rest_route=\/wp\/v2\/types\/post"}],"author":[{"embeddable":true,"href":"https:\/\/encuentroinformativo.com.mx\/index.php?rest_route=\/wp\/v2\/users\/1"}],"replies":[{"embeddable":true,"href":"https:\/\/encuentroinformativo.com.mx\/index.php?rest_route=%2Fwp%2Fv2%2Fcomments&post=9254"}],"version-history":[{"count":1,"href":"https:\/\/encuentroinformativo.com.mx\/index.php?rest_route=\/wp\/v2\/posts\/9254\/revisions"}],"predecessor-version":[{"id":9256,"href":"https:\/\/encuentroinformativo.com.mx\/index.php?rest_route=\/wp\/v2\/posts\/9254\/revisions\/9256"}],"wp:featuredmedia":[{"embeddable":true,"href":"https:\/\/encuentroinformativo.com.mx\/index.php?rest_route=\/wp\/v2\/media\/9255"}],"wp:attachment":[{"href":"https:\/\/encuentroinformativo.com.mx\/index.php?rest_route=%2Fwp%2Fv2%2Fmedia&parent=9254"}],"wp:term":[{"taxonomy":"category","embeddable":true,"href":"https:\/\/encuentroinformativo.com.mx\/index.php?rest_route=%2Fwp%2Fv2%2Fcategories&post=9254"},{"taxonomy":"post_tag","embeddable":true,"href":"https:\/\/encuentroinformativo.com.mx\/index.php?rest_route=%2Fwp%2Fv2%2Ftags&post=9254"}],"curies":[{"name":"wp","href":"https:\/\/api.w.org\/{rel}","templated":true}]}}