{"id":9263,"date":"2020-12-18T13:09:49","date_gmt":"2020-12-18T19:09:49","guid":{"rendered":"https:\/\/encuentroinformativo.com.mx\/?p=9263"},"modified":"2020-12-18T13:09:52","modified_gmt":"2020-12-18T19:09:52","slug":"descartan-retirar-vendedores-con-fuerza-publica","status":"publish","type":"post","link":"https:\/\/encuentroinformativo.com.mx\/?p=9263","title":{"rendered":"Descartan retirar vendedores con fuerza p\u00fablica"},"content":{"rendered":"\n<p><strong>Dar\u00edo Pale <\/strong><\/p>\n\n\n\n<p>Xalapa, Ver.- El regidor 11 del ayuntamiento de Xalapa, Francisco Xavier Gonz\u00e1lez Villag\u00f3mez, asegur\u00f3 que los vendedores ambulantes que se instalaron en la calle Victoria, entre Revoluci\u00f3n y Clavijero no ser\u00e1n desalojados a trav\u00e9s de la fuerza p\u00fablica, pero s\u00ed cerrar\u00e1n el paso a los clientes para que no les compren.<\/p>\n\n\n\n<p>Entrevistado en las calles del centro de Xalapa se\u00f1al\u00f3 que los vendedores ambulantes inconformes con los espacios en la prolongaci\u00f3n Villahermosa quieren colocar hasta juegos mec\u00e1nicos,\u00a0a pesar de que se otorgaron 300 espacios para los vendedores, donde se cuidar\u00eda la sana distancia y dar\u00edan caretas y gel antibacterial a los comerciantes, adem\u00e1s de la vigilancia de Protecci\u00f3n Civil, hubo unos 60 inconformes.<\/p>\n\n\n\n<p>Explic\u00f3 que en inicio pidieron que se les dieran m\u00e1s lugares, cosa que se les dijo no se pod\u00eda debido a que ya se hab\u00eda hecho la lista y pedido la documentaci\u00f3n previamente, por lo que optaron por colocarse en la calle Victoria, entre Revoluci\u00f3n y Clavijero, sin contar con un permiso para ello.<\/p>\n\n\n\n<p>Dio a conocer que no quieren llegar al conflicto con ellos, lo que se hace es por cuestiones de salud, para evitar mayores contagios de Covid-19,\u00a0dem\u00e1s, inform\u00f3 que debido a que no tienen permiso para cerrar la vialidad, se inform\u00f3 al Gobierno Estatal y se est\u00e1 revisando \u00e9sta situaci\u00f3n.<\/p>\n\n\n\n<p>El edil mencion\u00f3 que por el momento se est\u00e1 agotando el di\u00e1logo entre las dos partes, sin embargo no descart\u00f3 que, en caso de que se nieguen, se cierren los accesos o se solicite apoyo a Tr\u00e1nsito del Estado, debido a que mantienen cerrada una calle, por lo que solicit\u00f3\u00a0a los xalape\u00f1os su colaboraci\u00f3n con la autoridad y dijo que no se compre a estos vendedores, para que tambi\u00e9n de esta forma elijan llegar a un acuerdo y se vayan del Centro.<\/p>\n\n\n\n<p>Explic\u00f3 que no presentaron ninguna petici\u00f3n a la subdirecci\u00f3n de Comercio, todos los que lo hicieron fueron atendidos a trav\u00e9s de tres reuniones, se\u00f1al\u00f3\u00a0que se les ofrecieron dos espacios para que pudieran trabajar, uno de \u00e9stos era el Xallitic y el otro, la Prolongaci\u00f3n de la avenida Villahermosa,\u00a0en consenso acordaron que fuera esa \u00faltima, desafortunadamente quienes no presentaron en tiempo y forma su solicitud, no fueron tomados en cuenta y aunado a ello, quieren poner juegos mec\u00e1nicos.<\/p>\n\n\n\n<p>&#8220;Lo que no queremos es que se detenga la gente. Simplemente que compren y se retiren, el \u00fanico problema que ten\u00edan era el de la cuesti\u00f3n el\u00e9ctrica, ya se resolvi\u00f3 y estamos en la mejor disposici\u00f3n de dialogar con las personas que est\u00e1n en la calle Victoria&#8221;, afirm\u00f3.<\/p>\n\n\n\n<p>Puntualiz\u00f3 que para la venta en la prolongaci\u00f3n de la Villahermosa, se otorgaron aproximadamente 300 lugares de ambos lados, incluso ya algunos se instalaron.<\/p>\n\n\n\n<p>\u201cPero hay un grupo que ni entreg\u00f3 en tiempo y forma y ahora quieren que se les tome en cuenta, pero es una medida de presi\u00f3n, les dijimos que no era posible, que era para evitar m\u00e1s contagios, esa era la intenci\u00f3n&#8221;, finaliz\u00f3.<\/p>\n","protected":false},"excerpt":{"rendered":"<p>Dar\u00edo Pale Xalapa, Ver.- El regidor 11 del ayuntamiento de Xalapa, Francisco Xavier Gonz\u00e1lez Villag\u00f3mez, asegur\u00f3 que los vendedores ambulantes que se instalaron en la calle Victoria, entre Revoluci\u00f3n y Clavijero no ser\u00e1n desalojados a trav\u00e9s de la fuerza p\u00fablica, pero s\u00ed cerrar\u00e1n el paso a los clientes para que no les compren. Entrevistado en [&hellip;]<\/p>\n","protected":false},"author":1,"featured_media":9264,"comment_status":"open","ping_status":"open","sticky":false,"template":"","format":"standard","meta":{"_jetpack_memberships_contains_paid_content":false,"footnotes":""},"categories":[3],"tags":[],"class_list":["post-9263","post","type-post","status-publish","format-standard","has-post-thumbnail","hentry","category-xalapa"],"jetpack_featured_media_url":"https:\/\/encuentroinformativo.com.mx\/wp-content\/uploads\/2020\/12\/8E5A7FDF-6176-4448-8ECA-88C1812FFB5F.jpeg","jetpack_sharing_enabled":true,"jetpack_likes_enabled":true,"amp_enabled":true,"_links":{"self":[{"href":"https:\/\/encuentroinformativo.com.mx\/index.php?rest_route=\/wp\/v2\/posts\/9263","targetHints":{"allow":["GET"]}}],"collection":[{"href":"https:\/\/encuentroinformativo.com.mx\/index.php?rest_route=\/wp\/v2\/posts"}],"about":[{"href":"https:\/\/encuentroinformativo.com.mx\/index.php?rest_route=\/wp\/v2\/types\/post"}],"author":[{"embeddable":true,"href":"https:\/\/encuentroinformativo.com.mx\/index.php?rest_route=\/wp\/v2\/users\/1"}],"replies":[{"embeddable":true,"href":"https:\/\/encuentroinformativo.com.mx\/index.php?rest_route=%2Fwp%2Fv2%2Fcomments&post=9263"}],"version-history":[{"count":1,"href":"https:\/\/encuentroinformativo.com.mx\/index.php?rest_route=\/wp\/v2\/posts\/9263\/revisions"}],"predecessor-version":[{"id":9265,"href":"https:\/\/encuentroinformativo.com.mx\/index.php?rest_route=\/wp\/v2\/posts\/9263\/revisions\/9265"}],"wp:featuredmedia":[{"embeddable":true,"href":"https:\/\/encuentroinformativo.com.mx\/index.php?rest_route=\/wp\/v2\/media\/9264"}],"wp:attachment":[{"href":"https:\/\/encuentroinformativo.com.mx\/index.php?rest_route=%2Fwp%2Fv2%2Fmedia&parent=9263"}],"wp:term":[{"taxonomy":"category","embeddable":true,"href":"https:\/\/encuentroinformativo.com.mx\/index.php?rest_route=%2Fwp%2Fv2%2Fcategories&post=9263"},{"taxonomy":"post_tag","embeddable":true,"href":"https:\/\/encuentroinformativo.com.mx\/index.php?rest_route=%2Fwp%2Fv2%2Ftags&post=9263"}],"curies":[{"name":"wp","href":"https:\/\/api.w.org\/{rel}","templated":true}]}}