{"id":9266,"date":"2020-12-18T13:25:25","date_gmt":"2020-12-18T19:25:25","guid":{"rendered":"https:\/\/encuentroinformativo.com.mx\/?p=9266"},"modified":"2020-12-18T13:25:28","modified_gmt":"2020-12-18T19:25:28","slug":"sin-avances-nuevo-padron-de-cafeticultores-hay-anomalias-productores","status":"publish","type":"post","link":"https:\/\/encuentroinformativo.com.mx\/?p=9266","title":{"rendered":"Sin avances nuevo padr\u00f3n de cafeticultores, hay anomal\u00edas: Productores"},"content":{"rendered":"\n<p><strong>Juan Arcos <\/strong><\/p>\n\n\n\n<p>Xalapa, Ver.- El actual gobierno ha incurrido en pr\u00e1cticas, que derivar\u00edan en corrupci\u00f3n, en la iniciativa para la creaci\u00f3n de un nuevo padr\u00f3n de cafeticultores en el estado de Veracruz.<\/p>\n\n\n\n<p>As\u00ed lo denunci\u00f3 Cirilo Elotl\u00e1n D\u00edaz, secretario del Consejo Regional del Caf\u00e9 de Coatepec, quien indic\u00f3 que el proceso para la actualizaci\u00f3n del padr\u00f3n est\u00e1 pendiente desde el a\u00f1o pasado.<\/p>\n\n\n\n<p>\u201cEst\u00e1 la iniciativa de hacer un nuevo padr\u00f3n pero ya se est\u00e1 viciando, porque lo est\u00e1n tomando para cuestiones pol\u00edticas\u201d.<\/p>\n\n\n\n<p>Indic\u00f3 que este a\u00f1o se sostuvo una reuni\u00f3n en el Congreso del Estado con autoridades de SADER, Sedarpa y legisladores; sin embargo, no ha habido avances en el proceso ni existe una fecha para realizarlo.<\/p>\n\n\n\n<p>El entrevistado consider\u00f3 que pretenden realizarlo el siguiente a\u00f1o, debido a que ser\u00e1n las elecciones intermedias y buscan sacar provecho para beneficiar al partido Movimiento Regeneraci\u00f3n Nacional (Morena).<\/p>\n\n\n\n<p>\u201cLo van a hacer en el 2021, porque hay elecciones intermedias, entonces no se vale. Es una herramienta tan necesaria\u201d.<\/p>\n\n\n\n<p>Elotl\u00e1n D\u00edaz tambi\u00e9n acus\u00f3 que en los M\u00f3dulos del Bienestar est\u00e1n empadronando a personas que ni siquiera producen caf\u00e9.<\/p>\n\n\n\n<p>\u201cEntonces, hoy la misma corrupci\u00f3n va a venir desde el seno de los productores. Si yo tengo una hect\u00e1rea pero tengo cinco hijos, con esa misma hect\u00e1rea voy a empadronar a los cinco\u201d.<\/p>\n\n\n\n<p>En ese sentido, mencion\u00f3 que un productor podr\u00e1 percibir hasta 30 mil pesos por una hect\u00e1rea mediante el programa Produciendo Bienestar, con el cual se otorgan cinco mil pesos a cada productor al a\u00f1o.<\/p>\n\n\n\n<p>\u201cNo hay nadie que regule, no hay nadie que controle, cosas as\u00ed al aire. Nos preocupa mucho\u201d, remat\u00f3 el l\u00edder cafetalero.<\/p>\n","protected":false},"excerpt":{"rendered":"<p>Juan Arcos Xalapa, Ver.- El actual gobierno ha incurrido en pr\u00e1cticas, que derivar\u00edan en corrupci\u00f3n, en la iniciativa para la creaci\u00f3n de un nuevo padr\u00f3n de cafeticultores en el estado de Veracruz. As\u00ed lo denunci\u00f3 Cirilo Elotl\u00e1n D\u00edaz, secretario del Consejo Regional del Caf\u00e9 de Coatepec, quien indic\u00f3 que el proceso para la actualizaci\u00f3n del [&hellip;]<\/p>\n","protected":false},"author":1,"featured_media":9267,"comment_status":"open","ping_status":"open","sticky":false,"template":"","format":"standard","meta":{"_jetpack_memberships_contains_paid_content":false,"footnotes":""},"categories":[2],"tags":[],"class_list":["post-9266","post","type-post","status-publish","format-standard","has-post-thumbnail","hentry","category-estado"],"jetpack_featured_media_url":"https:\/\/encuentroinformativo.com.mx\/wp-content\/uploads\/2020\/12\/8A004EB8-4233-4F6D-A464-96F234B6D6B5.jpeg","jetpack_sharing_enabled":true,"jetpack_likes_enabled":true,"amp_enabled":true,"_links":{"self":[{"href":"https:\/\/encuentroinformativo.com.mx\/index.php?rest_route=\/wp\/v2\/posts\/9266","targetHints":{"allow":["GET"]}}],"collection":[{"href":"https:\/\/encuentroinformativo.com.mx\/index.php?rest_route=\/wp\/v2\/posts"}],"about":[{"href":"https:\/\/encuentroinformativo.com.mx\/index.php?rest_route=\/wp\/v2\/types\/post"}],"author":[{"embeddable":true,"href":"https:\/\/encuentroinformativo.com.mx\/index.php?rest_route=\/wp\/v2\/users\/1"}],"replies":[{"embeddable":true,"href":"https:\/\/encuentroinformativo.com.mx\/index.php?rest_route=%2Fwp%2Fv2%2Fcomments&post=9266"}],"version-history":[{"count":1,"href":"https:\/\/encuentroinformativo.com.mx\/index.php?rest_route=\/wp\/v2\/posts\/9266\/revisions"}],"predecessor-version":[{"id":9268,"href":"https:\/\/encuentroinformativo.com.mx\/index.php?rest_route=\/wp\/v2\/posts\/9266\/revisions\/9268"}],"wp:featuredmedia":[{"embeddable":true,"href":"https:\/\/encuentroinformativo.com.mx\/index.php?rest_route=\/wp\/v2\/media\/9267"}],"wp:attachment":[{"href":"https:\/\/encuentroinformativo.com.mx\/index.php?rest_route=%2Fwp%2Fv2%2Fmedia&parent=9266"}],"wp:term":[{"taxonomy":"category","embeddable":true,"href":"https:\/\/encuentroinformativo.com.mx\/index.php?rest_route=%2Fwp%2Fv2%2Fcategories&post=9266"},{"taxonomy":"post_tag","embeddable":true,"href":"https:\/\/encuentroinformativo.com.mx\/index.php?rest_route=%2Fwp%2Fv2%2Ftags&post=9266"}],"curies":[{"name":"wp","href":"https:\/\/api.w.org\/{rel}","templated":true}]}}