{"id":9316,"date":"2020-12-20T14:06:55","date_gmt":"2020-12-20T20:06:55","guid":{"rendered":"https:\/\/encuentroinformativo.com.mx\/?p=9316"},"modified":"2020-12-20T14:06:58","modified_gmt":"2020-12-20T20:06:58","slug":"sev-y-sesver-deben-prepararse-para-el-regreso-a-clases","status":"publish","type":"post","link":"https:\/\/encuentroinformativo.com.mx\/?p=9316","title":{"rendered":"SEV y SESVER deben prepararse para el regreso a clases"},"content":{"rendered":"\n<p><strong>Alejandro \u00c1vila<\/strong><\/p>\n\n\n\n<p>Veracruz, Ver.- Si bien no existe una fecha definitiva para el regreso a clases en la entidad veracruzana, la Secretar\u00eda de Salud de Veracruz en conjunto con la de Educaci\u00f3n, deben estar un paso delante de esta situaci\u00f3n para regularizar protocolos y evitar contagios cuando se vuelva a las aulas.<\/p>\n\n\n\n<p>La diputada local, Ivonne Trujillo Ortiz, present\u00f3 el pasado 3 de diciembre, una iniciativa con proyecto de decreto, para que se reforme y se adicionen disposiciones a la Ley de Educaci\u00f3n del Estado de Veracruz.<\/p>\n\n\n\n<p>La emanada del partido Movimiento Ciudadano, detall\u00f3 que lo presentado ante el pleno del Congreso Local, tiene como prop\u00f3sito crear un mecanismo de coordinaci\u00f3n para que las autoridades educativas estatales, en coordinaci\u00f3n con las federales y municipales, puedan tener medidas en materia de higiene escolar para un regreso a clases seguro.<\/p>\n\n\n\n<p>\u201cPara poder entregar a los alumnos y alumnas la educaci\u00f3n, tenemos que estar preparados para la siguiente etapa. Es decir, cuando estemos en condiciones indicadas, cuando estemos en sem\u00e1foro verde, cosa que ahora lo vemos muy lejano, tenemos que estar preparados, sobre todo la Secretar\u00eda de Educaci\u00f3n y la Secretar\u00eda de Salud tienen que trabajar de manera coordinada para que los filtros sanitarios se tengan que garantizar en las escuelas, en todas las escuelas\u201d, subray\u00f3.<\/p>\n\n\n\n<p>Ser\u00e1 importante, aclar\u00f3, que haya uso de cubre bocas, caretas y sanitizantes, para que los alumnos est\u00e9n protegido, de la misma manera se deben de dar pl\u00e1ticas constantes de salud para evitar rebrote de contagios.<\/p>\n\n\n\n<p>\u201cEs muy importante que llevemos un paso adelante, que si bien no sabemos fechas exactas para poder regresar a clases, pues ya tengamos un camino trazado, un camino adelantado, y bueno tras esta pandemia de COVID-19, debemos de crear en nuestros estudiantes que tengan un modelo multiplataforma, el cual sea completo y libres de todo contagio en una escuela segura\u201d, asest\u00f3 la docente de profesi\u00f3n.<\/p>\n","protected":false},"excerpt":{"rendered":"<p>Alejandro \u00c1vila Veracruz, Ver.- Si bien no existe una fecha definitiva para el regreso a clases en la entidad veracruzana, la Secretar\u00eda de Salud de Veracruz en conjunto con la de Educaci\u00f3n, deben estar un paso delante de esta situaci\u00f3n para regularizar protocolos y evitar contagios cuando se vuelva a las aulas. La diputada local, [&hellip;]<\/p>\n","protected":false},"author":1,"featured_media":9317,"comment_status":"open","ping_status":"open","sticky":false,"template":"","format":"standard","meta":{"_jetpack_memberships_contains_paid_content":false,"footnotes":""},"categories":[8],"tags":[],"class_list":["post-9316","post","type-post","status-publish","format-standard","has-post-thumbnail","hentry","category-region"],"jetpack_featured_media_url":"https:\/\/encuentroinformativo.com.mx\/wp-content\/uploads\/2020\/12\/2C37E30C-3F10-4592-962D-92AE0B6C63EF.jpeg","jetpack_sharing_enabled":true,"jetpack_likes_enabled":true,"amp_enabled":true,"_links":{"self":[{"href":"https:\/\/encuentroinformativo.com.mx\/index.php?rest_route=\/wp\/v2\/posts\/9316","targetHints":{"allow":["GET"]}}],"collection":[{"href":"https:\/\/encuentroinformativo.com.mx\/index.php?rest_route=\/wp\/v2\/posts"}],"about":[{"href":"https:\/\/encuentroinformativo.com.mx\/index.php?rest_route=\/wp\/v2\/types\/post"}],"author":[{"embeddable":true,"href":"https:\/\/encuentroinformativo.com.mx\/index.php?rest_route=\/wp\/v2\/users\/1"}],"replies":[{"embeddable":true,"href":"https:\/\/encuentroinformativo.com.mx\/index.php?rest_route=%2Fwp%2Fv2%2Fcomments&post=9316"}],"version-history":[{"count":1,"href":"https:\/\/encuentroinformativo.com.mx\/index.php?rest_route=\/wp\/v2\/posts\/9316\/revisions"}],"predecessor-version":[{"id":9318,"href":"https:\/\/encuentroinformativo.com.mx\/index.php?rest_route=\/wp\/v2\/posts\/9316\/revisions\/9318"}],"wp:featuredmedia":[{"embeddable":true,"href":"https:\/\/encuentroinformativo.com.mx\/index.php?rest_route=\/wp\/v2\/media\/9317"}],"wp:attachment":[{"href":"https:\/\/encuentroinformativo.com.mx\/index.php?rest_route=%2Fwp%2Fv2%2Fmedia&parent=9316"}],"wp:term":[{"taxonomy":"category","embeddable":true,"href":"https:\/\/encuentroinformativo.com.mx\/index.php?rest_route=%2Fwp%2Fv2%2Fcategories&post=9316"},{"taxonomy":"post_tag","embeddable":true,"href":"https:\/\/encuentroinformativo.com.mx\/index.php?rest_route=%2Fwp%2Fv2%2Ftags&post=9316"}],"curies":[{"name":"wp","href":"https:\/\/api.w.org\/{rel}","templated":true}]}}