{"id":9321,"date":"2020-12-20T16:39:20","date_gmt":"2020-12-20T22:39:20","guid":{"rendered":"https:\/\/encuentroinformativo.com.mx\/?p=9321"},"modified":"2020-12-20T16:39:22","modified_gmt":"2020-12-20T22:39:22","slug":"demandan-regularizacion-de-predios-en-colonia-el-moral","status":"publish","type":"post","link":"https:\/\/encuentroinformativo.com.mx\/?p=9321","title":{"rendered":"Demandan regularizaci\u00f3n de predios en colonia El Moral"},"content":{"rendered":"\n<p><strong>Juan Arcos <\/strong><\/p>\n\n\n\n<p>Xalapa, Ver.- Vecinos de la colonia El Moral exigieron la regularizaci\u00f3n de sus predios que se encuentran en un pol\u00edgono de 14 hect\u00e1reas del pol\u00edgono, ubicado en la periferia de la ciudad de Xalapa.<\/p>\n\n\n\n<p>Las familias pidieron a los gobiernos municipales y estatales no favorecer s\u00f3lo a un grupo de ciudadanos, pues actualmente funcionan cinco representaciones.<\/p>\n\n\n\n<p>De acuerdo con Benito Flores \u00c1lvarez, representante de la organizaci\u00f3n \u201cCaminando por una vivienda\u201d, las agrupaciones buscan el bienestar de los colonos.<\/p>\n\n\n\n<p>El lugar tiene como nombre \u201cPredio El Moral\u201d, de la colonia M\u00e9xico, donde Flores \u00c1lvarez representa a un grupo de 350 familias.<\/p>\n\n\n\n<p>Han hecho los tr\u00e1mites ante Patrimonio del Estado de Veracruz, para legalizar los terrenos, incluso, dijo que en diciembre de 2019 tuvieron la anuencia con Alfredo Alexander Gamboa, bajo el respaldo del due\u00f1o pero al paso de los meses existe incertidumbre.<\/p>\n\n\n\n<p>\u201cFirmaron una anuencia entre el due\u00f1o y Patrimonio del Estado para comenzar con los trabajos legales y regularizar la situaci\u00f3n del predio y que la situaci\u00f3n en la que nos encontramos tenga una soluci\u00f3n\u201d.<\/p>\n\n\n\n<p>Mostr\u00f3 que cuenta con documentos como actas de asamblea y registradas ante la Notar\u00eda n\u00famero 11 para que haya certeza jur\u00eddica en la representaci\u00f3n.<\/p>\n\n\n\n<p>En el predio se observan decenas de casas construidas con tablas y techos de l\u00e1mina, as\u00ed como sus calles de tierra y por ello requieren legalizar los espacios y contar debidamente con los servicios urbanos.<\/p>\n\n\n\n<p>Tambi\u00e9n la se\u00f1ora Mar\u00eda Cecilia M\u00e9ndez, presidente de la Asociaci\u00f3n Civil \u201cLos Linderos del Moral\u201d indic\u00f3 que es urgente la regularizaci\u00f3n.<\/p>\n\n\n\n<p>\u201cNo solo somos un solo grupo, aqu\u00ed somos cinco representantes y lo que pedimos al due\u00f1o es que a los cinco se nos tome en cuenta y a cada uno nos den la certeza jur\u00eddica que s\u00ed obtendremos el lote\u201d.<\/p>\n\n\n\n<p>Ella representa a 50 familias, pero existe incertidumbre porque hasta la fecha han tomado en cuenta a una sola representante.<\/p>\n\n\n\n<p>\u201cY por eso no est\u00e1n tranquilos. Queremos que se nos tome en cuenta a todos. No s\u00f3lo es una asociaci\u00f3n asentada. Somos varios\u201d, remat\u00f3.<\/p>\n","protected":false},"excerpt":{"rendered":"<p>Juan Arcos Xalapa, Ver.- Vecinos de la colonia El Moral exigieron la regularizaci\u00f3n de sus predios que se encuentran en un pol\u00edgono de 14 hect\u00e1reas del pol\u00edgono, ubicado en la periferia de la ciudad de Xalapa. Las familias pidieron a los gobiernos municipales y estatales no favorecer s\u00f3lo a un grupo de ciudadanos, pues actualmente [&hellip;]<\/p>\n","protected":false},"author":1,"featured_media":9322,"comment_status":"open","ping_status":"open","sticky":false,"template":"","format":"standard","meta":{"_jetpack_memberships_contains_paid_content":false,"footnotes":""},"categories":[3],"tags":[],"class_list":["post-9321","post","type-post","status-publish","format-standard","has-post-thumbnail","hentry","category-xalapa"],"jetpack_featured_media_url":"https:\/\/encuentroinformativo.com.mx\/wp-content\/uploads\/2020\/12\/EDF88867-226F-4360-8B97-4837E9EDD889.jpeg","jetpack_sharing_enabled":true,"jetpack_likes_enabled":true,"amp_enabled":true,"_links":{"self":[{"href":"https:\/\/encuentroinformativo.com.mx\/index.php?rest_route=\/wp\/v2\/posts\/9321","targetHints":{"allow":["GET"]}}],"collection":[{"href":"https:\/\/encuentroinformativo.com.mx\/index.php?rest_route=\/wp\/v2\/posts"}],"about":[{"href":"https:\/\/encuentroinformativo.com.mx\/index.php?rest_route=\/wp\/v2\/types\/post"}],"author":[{"embeddable":true,"href":"https:\/\/encuentroinformativo.com.mx\/index.php?rest_route=\/wp\/v2\/users\/1"}],"replies":[{"embeddable":true,"href":"https:\/\/encuentroinformativo.com.mx\/index.php?rest_route=%2Fwp%2Fv2%2Fcomments&post=9321"}],"version-history":[{"count":1,"href":"https:\/\/encuentroinformativo.com.mx\/index.php?rest_route=\/wp\/v2\/posts\/9321\/revisions"}],"predecessor-version":[{"id":9323,"href":"https:\/\/encuentroinformativo.com.mx\/index.php?rest_route=\/wp\/v2\/posts\/9321\/revisions\/9323"}],"wp:featuredmedia":[{"embeddable":true,"href":"https:\/\/encuentroinformativo.com.mx\/index.php?rest_route=\/wp\/v2\/media\/9322"}],"wp:attachment":[{"href":"https:\/\/encuentroinformativo.com.mx\/index.php?rest_route=%2Fwp%2Fv2%2Fmedia&parent=9321"}],"wp:term":[{"taxonomy":"category","embeddable":true,"href":"https:\/\/encuentroinformativo.com.mx\/index.php?rest_route=%2Fwp%2Fv2%2Fcategories&post=9321"},{"taxonomy":"post_tag","embeddable":true,"href":"https:\/\/encuentroinformativo.com.mx\/index.php?rest_route=%2Fwp%2Fv2%2Ftags&post=9321"}],"curies":[{"name":"wp","href":"https:\/\/api.w.org\/{rel}","templated":true}]}}