{"id":9327,"date":"2020-12-21T09:57:01","date_gmt":"2020-12-21T15:57:01","guid":{"rendered":"https:\/\/encuentroinformativo.com.mx\/?p=9327"},"modified":"2020-12-21T09:57:04","modified_gmt":"2020-12-21T15:57:04","slug":"pan-partido-partido","status":"publish","type":"post","link":"https:\/\/encuentroinformativo.com.mx\/?p=9327","title":{"rendered":"PAN, partido, partido"},"content":{"rendered":"\n<p><strong>Los Pol\u00edticos<\/strong><\/p>\n\n\n\n<p><strong>Salvador Mu\u00f1oz<\/strong><\/p>\n\n\n\n<p>La foto que hace unas semanas apareci\u00f3 en redes, donde est\u00e1 el dirigente estatal del PAN, Joaqu\u00edn Guzm\u00e1n Avil\u00e9s, al lado del empresario y ex alcalde de Xalapa, David Velasco Chedraui, le vino a poner m\u00e1s sabor al caldo en la pugna por la candidatura que parec\u00eda, la iba a tener f\u00e1cil Sergio Hern\u00e1ndez Hern\u00e1ndez\u2026<\/p>\n\n\n\n<p>Es como la foto donde hace unos d\u00edas aparece Anil\u00fa en su informe acompa\u00f1ada del alcalde Fernando Yunes M\u00e1rquez, el dirigente del PRI, Marlon Ram\u00edrez Mar\u00edn, y el dirigente estatal del Movimiento Ciudadano, Sergio Gil Rull\u00e1n, como si fuera un mensaje muy claro al dirigente del PAN y su candidato Bingen Rementer\u00eda\u2026 no la tendr\u00e1n f\u00e1cil\u2026<\/p>\n\n\n\n<p>A todos los pro Aliancistas les queda claro algo: si se llega a un acuerdo entre PAN, PRI y PRD, los estatutos de cada partido salen sobrando y se tiene que hacer un pacto, un convenio, una minuta, un documento en el que las partes involucradas, por consenso, establezcan las directrices para la designaci\u00f3n de candidatos a diputados locales y presidentes municipales, as\u00ed como el que vayan en una Alianza Total o Alianza Parcial, aunque lo l\u00f3gico es que se consolide en la primera en aras de ir por todas las canicas\u2026 pero bien repartidas\u2026 \u00bfc\u00f3mo? Bueno, bajo un esquema simple: para vencer a Morena igual se debe pensar en que ganen todos los de la Alianza, lo m\u00e1s equilibrado posible y para ello, se deben sopesar los acuerdos por dos balanzas: sea por proporci\u00f3n y s\u00ed, por candidatos. Lo explico:<\/p>\n\n\n\n<p>Habr\u00e1 municipios, como el de Veracruz, donde se supone que el candidato a la alcald\u00eda debe salir del PAN porque quien manda es un edil emanado de tal partido, pero c\u00f3mo motivar a la militancia del PRI y del PRD a cruzar la boleta en favor del PAN\u2026 pues con candidatos a las curules de sus partidos. \u00bfCu\u00e1ntos? A eso hay que llegar: a un acuerdo.<\/p>\n\n\n\n<p>Y habr\u00e1 panistas que digan que no hay candidatos en el Puerto por parte de los aliados (por mantenernos en el bot\u00f3n de muestra), pero ah\u00ed est\u00e1 el caso de Anil\u00fa y si preguntan por el PRD, \u00bfpor qu\u00e9 no pensar en Julio Salda\u00f1a?<\/p>\n\n\n\n<p>Se trata de ser equilibrados hasta donde la proporci\u00f3n y los candidatos lo permitan, aunque ello no es garant\u00eda de que se triunfe\u2026 si no, que lo cuente Sergio Gil Rull\u00e1n en su paso por la candidatura en pasada elecci\u00f3n.<\/p>\n\n\n\n<p>Ahora, \u00bfqu\u00e9 pasa en municipios o distritos donde manda en estos momentos Morena? Se supone que tienen que aplicar similar criterio: Proporci\u00f3n y candidatos\u2026 \u00bfqu\u00e9 partido ha tenido m\u00e1s votos en la pasada elecci\u00f3n? El caso de Xalapa es interesante: aun cuando el municipio y los distritos tienen cierta inclinaci\u00f3n por la izquierda, es innegable el avance que el PAN ha tenido en la capital veracruzana aun cuando no han visto luz sus esfuerzos con la joya de la corona pol\u00edtica.<\/p>\n\n\n\n<p>Si hay un panista mejor posicionado en estos momentos en Xalapa, \u00e9ste es Sergio Hern\u00e1ndez Hern\u00e1ndez. \u00bfQu\u00e9 tiene en contra? Dos factores, creo\u2026 El primero, haber encabezado un acto rebelde con un grupo de legisladores y conformar una minibancada, contraviniendo las \u00f3rdenes del dirigente del PAN\u2026 el segundo, la conformaci\u00f3n de la Alianza.<\/p>\n\n\n\n<p>El Chapo est\u00e1 en la oportunidad de cobrarse la afrenta, no s\u00f3lo en Xalapa, sino en cada uno de los intereses de cada diputado rebelde que particip\u00f3 en la bancada alterna a la del PAN hace unos cuantos meses. La foto del Chapo con David Velasco es un mensaje claro\u2026 y en una de \u00e9sas, para lavarse las manos, el dirigente del PAN puede dejar en el PRI o en el PRD la propuesta de un candidato que las tres fuerzas apoyen y s\u00ed, coincidentemente podr\u00eda ser el empresario con el que se tom\u00f3 la foto el dirigente del PAN\u2026<\/p>\n\n\n\n<p>Estos dos ejemplos, el Puerto y Xalapa, hablan mucho de c\u00f3mo se encuentra en estos momentos el partido del Chapo\u2026 partido. La posibilidad de una alianza contra el partido en el poder en aras de equilibrar fuerzas en una de \u00e9sas puede estar sujeta a revanchas y pasiones que lejos de ayudar a alcanzar ese objetivo, lo pueden acercar m\u00e1s a que Morena en una de \u00e9sas, d\u00e9 m\u00e1s sorpresas de las que uno puede esperar.<\/p>\n\n\n\n<p><a href=\"mailto:smcainito@gmail.com\" target=\"_blank\" rel=\"noreferrer noopener\">smcainito@gmail.com<\/a><\/p>\n","protected":false},"excerpt":{"rendered":"<p>Los Pol\u00edticos Salvador Mu\u00f1oz La foto que hace unas semanas apareci\u00f3 en redes, donde est\u00e1 el dirigente estatal del PAN, Joaqu\u00edn Guzm\u00e1n Avil\u00e9s, al lado del empresario y ex alcalde de Xalapa, David Velasco Chedraui, le vino a poner m\u00e1s sabor al caldo en la pugna por la candidatura que parec\u00eda, la iba a tener [&hellip;]<\/p>\n","protected":false},"author":1,"featured_media":70,"comment_status":"open","ping_status":"open","sticky":false,"template":"","format":"standard","meta":{"_jetpack_memberships_contains_paid_content":false,"footnotes":""},"categories":[11],"tags":[],"class_list":["post-9327","post","type-post","status-publish","format-standard","has-post-thumbnail","hentry","category-opinion"],"jetpack_featured_media_url":"https:\/\/encuentroinformativo.com.mx\/wp-content\/uploads\/2020\/02\/opinion-invitado.jpg","jetpack_sharing_enabled":true,"jetpack_likes_enabled":true,"amp_enabled":true,"_links":{"self":[{"href":"https:\/\/encuentroinformativo.com.mx\/index.php?rest_route=\/wp\/v2\/posts\/9327","targetHints":{"allow":["GET"]}}],"collection":[{"href":"https:\/\/encuentroinformativo.com.mx\/index.php?rest_route=\/wp\/v2\/posts"}],"about":[{"href":"https:\/\/encuentroinformativo.com.mx\/index.php?rest_route=\/wp\/v2\/types\/post"}],"author":[{"embeddable":true,"href":"https:\/\/encuentroinformativo.com.mx\/index.php?rest_route=\/wp\/v2\/users\/1"}],"replies":[{"embeddable":true,"href":"https:\/\/encuentroinformativo.com.mx\/index.php?rest_route=%2Fwp%2Fv2%2Fcomments&post=9327"}],"version-history":[{"count":1,"href":"https:\/\/encuentroinformativo.com.mx\/index.php?rest_route=\/wp\/v2\/posts\/9327\/revisions"}],"predecessor-version":[{"id":9328,"href":"https:\/\/encuentroinformativo.com.mx\/index.php?rest_route=\/wp\/v2\/posts\/9327\/revisions\/9328"}],"wp:featuredmedia":[{"embeddable":true,"href":"https:\/\/encuentroinformativo.com.mx\/index.php?rest_route=\/wp\/v2\/media\/70"}],"wp:attachment":[{"href":"https:\/\/encuentroinformativo.com.mx\/index.php?rest_route=%2Fwp%2Fv2%2Fmedia&parent=9327"}],"wp:term":[{"taxonomy":"category","embeddable":true,"href":"https:\/\/encuentroinformativo.com.mx\/index.php?rest_route=%2Fwp%2Fv2%2Fcategories&post=9327"},{"taxonomy":"post_tag","embeddable":true,"href":"https:\/\/encuentroinformativo.com.mx\/index.php?rest_route=%2Fwp%2Fv2%2Ftags&post=9327"}],"curies":[{"name":"wp","href":"https:\/\/api.w.org\/{rel}","templated":true}]}}