{"id":9332,"date":"2020-12-21T12:26:46","date_gmt":"2020-12-21T18:26:46","guid":{"rendered":"https:\/\/encuentroinformativo.com.mx\/?p=9332"},"modified":"2020-12-21T12:26:48","modified_gmt":"2020-12-21T18:26:48","slug":"ante-pandemia-promueven-empleo-temporal-en-coatepec","status":"publish","type":"post","link":"https:\/\/encuentroinformativo.com.mx\/?p=9332","title":{"rendered":"Ante pandemia, promueven empleo temporal en Coatepec"},"content":{"rendered":"\n<p><strong>Juan Arcos <\/strong><\/p>\n\n\n\n<p>Coatepec, Ver.- M\u00e1s de 150 personas fueron apoyadas con empleos temporales en el municipio de Coatepec por parte del gobierno estatal, quienes hab\u00edan padecido la crisis por la pandemia del SARS-COV-2 (COVID-19).<\/p>\n\n\n\n<p>As\u00ed lo dio a conocer el regidor tercero Jorge Ignacio Luna Hern\u00e1ndez, quien adem\u00e1s detall\u00f3 que las ciudadanas y ciudadanos llevan a cabo labores de limpieza en jardines o calles del Pueblo M\u00e1gico.<\/p>\n\n\n\n<p>\u201cEsto es realmente muy favorable para el municipio de Coatepec porque se observa ya una mejora en estos espacios p\u00fablicos y adem\u00e1s est\u00e1n siendo beneficiadas estas personas\u201d.<\/p>\n\n\n\n<p>El funcionario municipal destac\u00f3 que muchas familias quedaron desempleadas por la emergencia sanitaria y, por ello, dichos programas resultan de gran ayuda para poblaci\u00f3n.<\/p>\n\n\n\n<p>\u201cSon personas que se han visto en una situaci\u00f3n realmente dif\u00edcil y est\u00e1n teniendo el apoyo del gobierno del Estado\u201d.<\/p>\n\n\n\n<p>El edil agradeci\u00f3 al gobernador Cuitl\u00e1huac Garc\u00eda Jim\u00e9nez por impulsar dichas acciones en beneficio de los pobladores.<\/p>\n\n\n\n<p>\u201cEs un programa muy fruct\u00edfero, muy bien dise\u00f1ado, muy bien planeado y est\u00e1 siendo ejecutado de la mejor manera y por ello hay que agradecer al gobernador que siempre est\u00e1 pendiente de las necesidades del pueblo\u201d.<\/p>\n\n\n\n<p>Cabe destacar que, de acuerdo con el sector empresarial, hasta agosto pasado se hab\u00edan perdido 58 mil empleos formales y el doble de informarles.<\/p>\n","protected":false},"excerpt":{"rendered":"<p>Juan Arcos Coatepec, Ver.- M\u00e1s de 150 personas fueron apoyadas con empleos temporales en el municipio de Coatepec por parte del gobierno estatal, quienes hab\u00edan padecido la crisis por la pandemia del SARS-COV-2 (COVID-19). As\u00ed lo dio a conocer el regidor tercero Jorge Ignacio Luna Hern\u00e1ndez, quien adem\u00e1s detall\u00f3 que las ciudadanas y ciudadanos llevan [&hellip;]<\/p>\n","protected":false},"author":1,"featured_media":9333,"comment_status":"open","ping_status":"open","sticky":false,"template":"","format":"standard","meta":{"_jetpack_memberships_contains_paid_content":false,"footnotes":""},"categories":[8],"tags":[],"class_list":["post-9332","post","type-post","status-publish","format-standard","has-post-thumbnail","hentry","category-region"],"jetpack_featured_media_url":"https:\/\/encuentroinformativo.com.mx\/wp-content\/uploads\/2020\/12\/8F7C2347-2650-4B9A-8D84-E6CC5A71F750.jpeg","jetpack_sharing_enabled":true,"jetpack_likes_enabled":true,"amp_enabled":true,"_links":{"self":[{"href":"https:\/\/encuentroinformativo.com.mx\/index.php?rest_route=\/wp\/v2\/posts\/9332","targetHints":{"allow":["GET"]}}],"collection":[{"href":"https:\/\/encuentroinformativo.com.mx\/index.php?rest_route=\/wp\/v2\/posts"}],"about":[{"href":"https:\/\/encuentroinformativo.com.mx\/index.php?rest_route=\/wp\/v2\/types\/post"}],"author":[{"embeddable":true,"href":"https:\/\/encuentroinformativo.com.mx\/index.php?rest_route=\/wp\/v2\/users\/1"}],"replies":[{"embeddable":true,"href":"https:\/\/encuentroinformativo.com.mx\/index.php?rest_route=%2Fwp%2Fv2%2Fcomments&post=9332"}],"version-history":[{"count":1,"href":"https:\/\/encuentroinformativo.com.mx\/index.php?rest_route=\/wp\/v2\/posts\/9332\/revisions"}],"predecessor-version":[{"id":9334,"href":"https:\/\/encuentroinformativo.com.mx\/index.php?rest_route=\/wp\/v2\/posts\/9332\/revisions\/9334"}],"wp:featuredmedia":[{"embeddable":true,"href":"https:\/\/encuentroinformativo.com.mx\/index.php?rest_route=\/wp\/v2\/media\/9333"}],"wp:attachment":[{"href":"https:\/\/encuentroinformativo.com.mx\/index.php?rest_route=%2Fwp%2Fv2%2Fmedia&parent=9332"}],"wp:term":[{"taxonomy":"category","embeddable":true,"href":"https:\/\/encuentroinformativo.com.mx\/index.php?rest_route=%2Fwp%2Fv2%2Fcategories&post=9332"},{"taxonomy":"post_tag","embeddable":true,"href":"https:\/\/encuentroinformativo.com.mx\/index.php?rest_route=%2Fwp%2Fv2%2Ftags&post=9332"}],"curies":[{"name":"wp","href":"https:\/\/api.w.org\/{rel}","templated":true}]}}