{"id":934,"date":"2020-03-15T11:05:41","date_gmt":"2020-03-15T17:05:41","guid":{"rendered":"https:\/\/encuentroinformativo.com\/?p=934"},"modified":"2020-03-15T11:05:44","modified_gmt":"2020-03-15T17:05:44","slug":"en-ultimo-dia-suspenden-cumbre-tajin","status":"publish","type":"post","link":"https:\/\/encuentroinformativo.com.mx\/?p=934","title":{"rendered":"En \u00faltimo d\u00eda, suspenden Cumbre Taj\u00edn"},"content":{"rendered":"\n<p><em>*Lo mismo aplica para las distintas sedes, Papantla y Poza Rica<\/em><\/p>\n\n\n\n<p>Papantla, Ver.- Con el prop\u00f3sito de proteger a las personas que visitan la entidad, as\u00ed como a los veracruzanos, la Secretar\u00eda de Turismo y Cultura (SECTUR) ha tomado la decisi\u00f3n de no abrir las puertas del Parque Tem\u00e1tico Takilhsukut en el tercer d\u00eda de actividades de Cumbre Taj\u00edn.<\/p>\n\n\n\n<p>Preservar tanto la cultura totonaca como la salud de miles de personas es el compromiso principal de la actual administraci\u00f3n; este domingo, el Festival de la Identidad agradece  la visita de miles de turistas con los que comparti\u00f3 el saber ancestral.<\/p>\n\n\n\n<p>Es oportuno aclarar que la medida es s\u00f3lo preventiva.<\/p>\n","protected":false},"excerpt":{"rendered":"<p>*Lo mismo aplica para las distintas sedes, Papantla y Poza Rica Papantla, Ver.- Con el prop\u00f3sito de proteger a las personas que visitan la entidad, as\u00ed como a los veracruzanos, la Secretar\u00eda de Turismo y Cultura (SECTUR) ha tomado la decisi\u00f3n de no abrir las puertas del Parque Tem\u00e1tico Takilhsukut en el tercer d\u00eda de [&hellip;]<\/p>\n","protected":false},"author":1,"featured_media":935,"comment_status":"open","ping_status":"open","sticky":false,"template":"","format":"standard","meta":{"_jetpack_memberships_contains_paid_content":false,"footnotes":""},"categories":[2],"tags":[],"class_list":["post-934","post","type-post","status-publish","format-standard","has-post-thumbnail","hentry","category-estado"],"jetpack_featured_media_url":"https:\/\/encuentroinformativo.com.mx\/wp-content\/uploads\/2020\/03\/68882D91-49CC-428A-B039-A8016C0A859F.jpeg","jetpack_sharing_enabled":true,"jetpack_likes_enabled":true,"amp_enabled":true,"_links":{"self":[{"href":"https:\/\/encuentroinformativo.com.mx\/index.php?rest_route=\/wp\/v2\/posts\/934","targetHints":{"allow":["GET"]}}],"collection":[{"href":"https:\/\/encuentroinformativo.com.mx\/index.php?rest_route=\/wp\/v2\/posts"}],"about":[{"href":"https:\/\/encuentroinformativo.com.mx\/index.php?rest_route=\/wp\/v2\/types\/post"}],"author":[{"embeddable":true,"href":"https:\/\/encuentroinformativo.com.mx\/index.php?rest_route=\/wp\/v2\/users\/1"}],"replies":[{"embeddable":true,"href":"https:\/\/encuentroinformativo.com.mx\/index.php?rest_route=%2Fwp%2Fv2%2Fcomments&post=934"}],"version-history":[{"count":1,"href":"https:\/\/encuentroinformativo.com.mx\/index.php?rest_route=\/wp\/v2\/posts\/934\/revisions"}],"predecessor-version":[{"id":936,"href":"https:\/\/encuentroinformativo.com.mx\/index.php?rest_route=\/wp\/v2\/posts\/934\/revisions\/936"}],"wp:featuredmedia":[{"embeddable":true,"href":"https:\/\/encuentroinformativo.com.mx\/index.php?rest_route=\/wp\/v2\/media\/935"}],"wp:attachment":[{"href":"https:\/\/encuentroinformativo.com.mx\/index.php?rest_route=%2Fwp%2Fv2%2Fmedia&parent=934"}],"wp:term":[{"taxonomy":"category","embeddable":true,"href":"https:\/\/encuentroinformativo.com.mx\/index.php?rest_route=%2Fwp%2Fv2%2Fcategories&post=934"},{"taxonomy":"post_tag","embeddable":true,"href":"https:\/\/encuentroinformativo.com.mx\/index.php?rest_route=%2Fwp%2Fv2%2Ftags&post=934"}],"curies":[{"name":"wp","href":"https:\/\/api.w.org\/{rel}","templated":true}]}}