{"id":9346,"date":"2020-12-21T14:50:41","date_gmt":"2020-12-21T20:50:41","guid":{"rendered":"https:\/\/encuentroinformativo.com.mx\/?p=9346"},"modified":"2020-12-21T14:50:44","modified_gmt":"2020-12-21T20:50:44","slug":"fiscalias-estatales-deben-dar-mejores-resultados-cuitlahuac-garcia","status":"publish","type":"post","link":"https:\/\/encuentroinformativo.com.mx\/?p=9346","title":{"rendered":"Fiscal\u00edas Estatales deben dar mejores resultados: Cuitl\u00e1huac Garc\u00eda"},"content":{"rendered":"\n<p><strong>Juan Arcos <\/strong><\/p>\n\n\n\n<p>Xalapa, Ver.- El gobernador de Veracruz, Cuitl\u00e1huac Garc\u00eda Jim\u00e9nez, consider\u00f3 que las Fiscal\u00edas del pa\u00eds son pieza fundamental para el combate a la delincuencia.<\/p>\n\n\n\n<p>El mandatario estatal particip\u00f3 en la XLVI sesi\u00f3n ordinaria del Consejo Estatal de Seguridad P\u00fablica, donde reconoci\u00f3 la excelente colaboraci\u00f3n entre las fuerzas estatales y federales con la Fiscal\u00eda General del Estado de Veracruz, dirigida por Ver\u00f3nica Hern\u00e1ndez Giad\u00e1ns, lo cual ha permitido avances en seguridad y procuraci\u00f3n de justicia.<\/p>\n\n\n\n<p>\u201cTenemos que pugnar porque las fiscal\u00edas estatales reporten mejores resultados; para ello la autorregulaci\u00f3n e incluso la permanencia de sus titulares ante p\u00e9simos resultados debe reconsiderarse. Obviamente mediante mecanismos que no vulneren su autonom\u00eda, pero que tampoco solapen ineficiencias estructurales o la omisa actuaci\u00f3n\u201d.&nbsp;<br>Se\u00f1al\u00f3 que en Veracruz el cambio de Fiscal que decidi\u00f3 el Congreso del Estado trajo resultado muy positivos con la nueva titular de la FGE.<\/p>\n\n\n\n<p>\u201cDebemos construir la legitimidad de la autoridad, una que est\u00e9 lejos de la corrupci\u00f3n, que no est\u00e9 metida en los negocios de beneficios de particulares, mucho menos en los c\u00edrculos de los delincuentes de cuello blanco o de delincuencia organizada. Con esa legitimidad transmitiremos f\u00e1cilmente el sentimiento de confianza ciudadana en los elementos de la polic\u00eda de proximidad que dirigimos. Esto desde luego va a la par de las acciones para crear estructuras, procesos y sistemas que van a desarrollar de manera confiable, sistem\u00e1tica y sostenible el binomio confianza-efectividad que toda la corporaci\u00f3n policial de proximidad debe tener\u201d.<br>Esta sesi\u00f3n del Consejo Nacional de Seguridad P\u00fablica, fue inaugurada por el Subsecretario de Seguridad P\u00fablica Federal, Ricardo Mej\u00eda Berdeja y clausurados los trabajos por la Secretaria de Gobernaci\u00f3n, Olga S\u00e1nchez Cordero.<\/p>\n\n\n\n<p>\u201cLa estrategia fundamental a mediano y largo plazo tiene que ver con romper los c\u00edrculos de la desesperaci\u00f3n y descomposici\u00f3n social causados por la inequidad e injusticia desde la intervenci\u00f3n directa de un gobierno que ante ello tiene la obligaci\u00f3n de redistribuir la riqueza entre los m\u00e1s desfavorecidos y marginados. Es decir, debemos construir una paz y tranquilidad de nuestra sociedad basados en el bienestar de las mayor\u00edas. En ese gran esfuerzo de la federaci\u00f3n tiene que ser acompa\u00f1ado de los gobiernos estatales\u201d, a\u00f1adi\u00f3 el Gobernador durante su intervenci\u00f3n virtual.&nbsp;<\/p>\n\n\n\n<p>En el desarrollo de la reuni\u00f3n se realiz\u00f3 una presentaci\u00f3n de Informes de Actividades, Diagn\u00f3sticos en materia de Guardia Nacional; as\u00ed como los espec\u00edficos en seguridad p\u00fablica, prevenci\u00f3n del delito y participaci\u00f3n ciudadana, certificaci\u00f3n y acreditaci\u00f3n, procuraci\u00f3n de justicia, del sistema penitenciario, de la seguridad p\u00fablica municipal y del Secretariado Ejecutivo del Sistema Nacional de Seguridad P\u00fablica.<\/p>\n\n\n\n<p>Tambi\u00e9n se hizo una revisi\u00f3n al avance de los acuerdos avalados en sesiones pasadas como la aprobaci\u00f3n de instrumentos del Modelo Nacional de Polic\u00eda y Justicia C\u00edvica; los criterios del Fondo de Aportaciones para la Seguridad P\u00fablica de los Estados y del Distrito Federal; la modificaci\u00f3n a los indicadores del Modelo \u00d3ptimo de Funci\u00f3n Policial por los Indicadores de Implementaci\u00f3n y Desarrollo del Modelo Nacional de Polic\u00eda y Justicia C\u00edvica.<\/p>\n\n\n\n<p>En la reuni\u00f3n estuvieron presentes gobernadores, el Secretario Ejecutivo del Consejo Nacional de Seguridad P\u00fablica, Leonel Cota Monta\u00f1o; la Presidenta de la Comisi\u00f3n Nacional de los Derechos Humanos, Mar\u00eda del Rosario Piedra Ibarra; el Director General de Reinserta AC e invitado permanente de la Sociedad Civil, Avital Saskia Ni\u00f1o de Rivera; as\u00ed como fiscales y procuradores de las entidades federativas.<\/p>\n","protected":false},"excerpt":{"rendered":"<p>Juan Arcos Xalapa, Ver.- El gobernador de Veracruz, Cuitl\u00e1huac Garc\u00eda Jim\u00e9nez, consider\u00f3 que las Fiscal\u00edas del pa\u00eds son pieza fundamental para el combate a la delincuencia. El mandatario estatal particip\u00f3 en la XLVI sesi\u00f3n ordinaria del Consejo Estatal de Seguridad P\u00fablica, donde reconoci\u00f3 la excelente colaboraci\u00f3n entre las fuerzas estatales y federales con la Fiscal\u00eda [&hellip;]<\/p>\n","protected":false},"author":1,"featured_media":9347,"comment_status":"open","ping_status":"open","sticky":false,"template":"","format":"standard","meta":{"_jetpack_memberships_contains_paid_content":false,"footnotes":""},"categories":[2],"tags":[],"class_list":["post-9346","post","type-post","status-publish","format-standard","has-post-thumbnail","hentry","category-estado"],"jetpack_featured_media_url":"https:\/\/encuentroinformativo.com.mx\/wp-content\/uploads\/2020\/12\/BD51B0C2-E5C9-4B63-A1E5-B2E99AF7D02B.jpeg","jetpack_sharing_enabled":true,"jetpack_likes_enabled":true,"amp_enabled":true,"_links":{"self":[{"href":"https:\/\/encuentroinformativo.com.mx\/index.php?rest_route=\/wp\/v2\/posts\/9346","targetHints":{"allow":["GET"]}}],"collection":[{"href":"https:\/\/encuentroinformativo.com.mx\/index.php?rest_route=\/wp\/v2\/posts"}],"about":[{"href":"https:\/\/encuentroinformativo.com.mx\/index.php?rest_route=\/wp\/v2\/types\/post"}],"author":[{"embeddable":true,"href":"https:\/\/encuentroinformativo.com.mx\/index.php?rest_route=\/wp\/v2\/users\/1"}],"replies":[{"embeddable":true,"href":"https:\/\/encuentroinformativo.com.mx\/index.php?rest_route=%2Fwp%2Fv2%2Fcomments&post=9346"}],"version-history":[{"count":1,"href":"https:\/\/encuentroinformativo.com.mx\/index.php?rest_route=\/wp\/v2\/posts\/9346\/revisions"}],"predecessor-version":[{"id":9348,"href":"https:\/\/encuentroinformativo.com.mx\/index.php?rest_route=\/wp\/v2\/posts\/9346\/revisions\/9348"}],"wp:featuredmedia":[{"embeddable":true,"href":"https:\/\/encuentroinformativo.com.mx\/index.php?rest_route=\/wp\/v2\/media\/9347"}],"wp:attachment":[{"href":"https:\/\/encuentroinformativo.com.mx\/index.php?rest_route=%2Fwp%2Fv2%2Fmedia&parent=9346"}],"wp:term":[{"taxonomy":"category","embeddable":true,"href":"https:\/\/encuentroinformativo.com.mx\/index.php?rest_route=%2Fwp%2Fv2%2Fcategories&post=9346"},{"taxonomy":"post_tag","embeddable":true,"href":"https:\/\/encuentroinformativo.com.mx\/index.php?rest_route=%2Fwp%2Fv2%2Ftags&post=9346"}],"curies":[{"name":"wp","href":"https:\/\/api.w.org\/{rel}","templated":true}]}}