{"id":9352,"date":"2020-12-21T16:28:44","date_gmt":"2020-12-21T22:28:44","guid":{"rendered":"https:\/\/encuentroinformativo.com.mx\/?p=9352"},"modified":"2020-12-21T16:28:47","modified_gmt":"2020-12-21T22:28:47","slug":"siguen-descuentos-en-nominas-acusa-fuerza-magisterial","status":"publish","type":"post","link":"https:\/\/encuentroinformativo.com.mx\/?p=9352","title":{"rendered":"Siguen descuentos en n\u00f3minas, acusa Fuerza Magisterial"},"content":{"rendered":"\n<p><strong>Dar\u00edo Pale <\/strong><\/p>\n\n\n\n<p>Xalapa, Ver.- El\u00a0representante del grupo Fuerza Magisterial dio a conocer que aproximadamente unos\u00a0mil 200 agremiados al grupo contin\u00faan siendo v\u00edctimas de los descuentos en sus n\u00f3minas debido a los cobros ilegales que hacen alrededor de 38 financieras, con la autorizaci\u00f3n de la Secretar\u00eda de Educaci\u00f3n de Veracruz.<\/p>\n\n\n\n<p>En conferencia de prensa realizada en conocido caf\u00e9 del centro de Xalapa, se\u00f1al\u00f3 que hasta el momento\u00a0no hay un estimado total de los afectados, porque no s\u00e9 sabe cu\u00e1ntos est\u00e1n en la misma situaci\u00f3n, pero que son de otros sindicatos, m\u00e1s jubilados y pensionados.<\/p>\n\n\n\n<p>Dio a conocer que el presidente Andr\u00e9s Manuel L\u00f3pez Obrador ya se pronunci\u00f3 al respecto, pero \u00e9sta situaci\u00f3n contin\u00faa, por lo que\u00a0lament\u00f3 que el titular de la SEV haya dicho que se les suspendi\u00f3 el pago a 40 financieras cuando saben que no es as\u00ed, al menos 38 siguen vigentes.<\/p>\n\n\n\n<p>&#8220;No ha cambiado nada. El Presidente fue muy enf\u00e1tico, muy claro en decir que esas pr\u00e1cticas ya se terminaron y aqu\u00ed en Veracruz siguen&#8221;, mencion\u00f3 y reiter\u00f3 que los arreglos entre las autoridades de la SEV y las financieras se hicieron en pasadas administraciones.<\/p>\n\n\n\n<p>&#8220;De hecho, los descuentos son de administraciones pasadas, son pr\u00e1cticas que se han seguido y no tenemos la certeza de cu\u00e1ndo vamos a terminar los cr\u00e9ditos porque no tenemos los contratos o tenemos los contratos a determinado tiempo y las financieras a\u00fan as\u00ed siguen descontando&#8221;, coment\u00f3.<\/p>\n\n\n\n<p>Sostuvo que es una &#8220;indefensi\u00f3n&#8221; de los trabajadores, sobre todo en aquellos casos en los que ni siquiera solicitaron los cr\u00e9ditos.<\/p>\n\n\n\n<p>Por su parte, el abogado Jorge Acosta, de la firma Omerta, puntualiz\u00f3 que presentaron diversas denuncias ante la Fiscal\u00eda Anticorrupci\u00f3n, el \u00d3rgano de Fiscalizaci\u00f3n Superior (ORFIS), por los presuntos delitos de abuso de autoridad, ejercicio indebido de servidores p\u00fablicos y desv\u00edo de recursos, adem\u00e1s de\u00a0que presentaron queja ante la Comisi\u00f3n Estatal de Derechos Humanos (CEDH) por la violaci\u00f3n a los derechos de los trabajadores a recibir sus prestaciones.<\/p>\n\n\n\n<p>Los funcionarios que fueron denunciados son: el secretario de Educaci\u00f3n, la Oficial Mayor, director general de N\u00f3minas de SEV, jefe de N\u00f3minas del sistema federalizados, jefe de la oficina de terceros institucionales y particulares del sistema federalizados, jefe de Control de Calidad de N\u00f3mina de dicho sistema, jefe del departamento de N\u00f3minas del sistema estatal, entre otros que resulten responsables.<\/p>\n\n\n\n<p>Finalmente se\u00f1alaron que a la fecha no tienen estimado del presunto desv\u00edo de recursos, toda vez que requieren saber cu\u00e1nto es el total de trabajadores de la Secretar\u00eda que est\u00e1n siendo v\u00edctimas de los descuentos de manera indebida, porque los mil 200 \u00fanicamente son de Fuerza Magisterial.<\/p>\n","protected":false},"excerpt":{"rendered":"<p>Dar\u00edo Pale Xalapa, Ver.- El\u00a0representante del grupo Fuerza Magisterial dio a conocer que aproximadamente unos\u00a0mil 200 agremiados al grupo contin\u00faan siendo v\u00edctimas de los descuentos en sus n\u00f3minas debido a los cobros ilegales que hacen alrededor de 38 financieras, con la autorizaci\u00f3n de la Secretar\u00eda de Educaci\u00f3n de Veracruz. En conferencia de prensa realizada en [&hellip;]<\/p>\n","protected":false},"author":1,"featured_media":9353,"comment_status":"open","ping_status":"open","sticky":false,"template":"","format":"standard","meta":{"_jetpack_memberships_contains_paid_content":false,"footnotes":""},"categories":[3],"tags":[],"class_list":["post-9352","post","type-post","status-publish","format-standard","has-post-thumbnail","hentry","category-xalapa"],"jetpack_featured_media_url":"https:\/\/encuentroinformativo.com.mx\/wp-content\/uploads\/2020\/12\/FCF25B37-D357-4174-BCCA-375816414768.jpeg","jetpack_sharing_enabled":true,"jetpack_likes_enabled":true,"amp_enabled":true,"_links":{"self":[{"href":"https:\/\/encuentroinformativo.com.mx\/index.php?rest_route=\/wp\/v2\/posts\/9352","targetHints":{"allow":["GET"]}}],"collection":[{"href":"https:\/\/encuentroinformativo.com.mx\/index.php?rest_route=\/wp\/v2\/posts"}],"about":[{"href":"https:\/\/encuentroinformativo.com.mx\/index.php?rest_route=\/wp\/v2\/types\/post"}],"author":[{"embeddable":true,"href":"https:\/\/encuentroinformativo.com.mx\/index.php?rest_route=\/wp\/v2\/users\/1"}],"replies":[{"embeddable":true,"href":"https:\/\/encuentroinformativo.com.mx\/index.php?rest_route=%2Fwp%2Fv2%2Fcomments&post=9352"}],"version-history":[{"count":1,"href":"https:\/\/encuentroinformativo.com.mx\/index.php?rest_route=\/wp\/v2\/posts\/9352\/revisions"}],"predecessor-version":[{"id":9354,"href":"https:\/\/encuentroinformativo.com.mx\/index.php?rest_route=\/wp\/v2\/posts\/9352\/revisions\/9354"}],"wp:featuredmedia":[{"embeddable":true,"href":"https:\/\/encuentroinformativo.com.mx\/index.php?rest_route=\/wp\/v2\/media\/9353"}],"wp:attachment":[{"href":"https:\/\/encuentroinformativo.com.mx\/index.php?rest_route=%2Fwp%2Fv2%2Fmedia&parent=9352"}],"wp:term":[{"taxonomy":"category","embeddable":true,"href":"https:\/\/encuentroinformativo.com.mx\/index.php?rest_route=%2Fwp%2Fv2%2Fcategories&post=9352"},{"taxonomy":"post_tag","embeddable":true,"href":"https:\/\/encuentroinformativo.com.mx\/index.php?rest_route=%2Fwp%2Fv2%2Ftags&post=9352"}],"curies":[{"name":"wp","href":"https:\/\/api.w.org\/{rel}","templated":true}]}}