{"id":9358,"date":"2020-12-21T16:47:12","date_gmt":"2020-12-21T22:47:12","guid":{"rendered":"https:\/\/encuentroinformativo.com.mx\/?p=9358"},"modified":"2020-12-21T16:47:17","modified_gmt":"2020-12-21T22:47:17","slug":"logra-sefiplan-inversion-para-reserva-tecnica-del-ipe-afirma-lima-franco","status":"publish","type":"post","link":"https:\/\/encuentroinformativo.com.mx\/?p=9358","title":{"rendered":"Logra SEFIPLAN inversi\u00f3n para reserva t\u00e9cnica del IPE, afirma Lima Franco"},"content":{"rendered":"\n<p><strong>Juan Arcos <\/strong><\/p>\n\n\n\n<p>Xalapa, Ver.- El titular de la Secretar\u00eda de Finanzas y Planeaci\u00f3n (Sefiplan), Jos\u00e9 Luis Lima Franco, dio a conocer que se logr\u00f3 una importante inversi\u00f3n en la reserva t\u00e9cnica del Instituto de Pensiones del Estado de Veracruz.<\/p>\n\n\n\n<p>Se trata de un monto de mil 508 millones de pesos a plazo fijo por un a\u00f1o con Value Grupo Financiero, logrando una tasa preferencial del 6.25 por ciento, una tasa muy superior a la tasa del mercado la cual se encuentra en 4.25 por cint\u00f3 esto se dio gracias a la confianza que se tienen en las finanzas del estado de Veracruz.<\/p>\n\n\n\n<p>\u201cAs\u00ed es como aseguraremos la reserva t\u00e9cnica del IPE, ganando intereses a un plazo fijo\u201d, public\u00f3 en su cuenta de Facebook.<\/p>\n\n\n\n<p>El funcionario estatal a\u00f1adi\u00f3 que se trabaja en conjunto con el gobernador del Estado de Veracruz, Cuitl\u00e1huac Garc\u00eda Jim\u00e9nez, para rescatar al IPE y lograr que los jubilados tengan un retiro digno.<\/p>\n\n\n\n<p>Cabe recordar que la Coalici\u00f3n de Pensionistas Independientes del Estado de Veracruz (Copipev) present\u00f3 una denuncia en la Fiscal\u00eda General del Estado (FGE) contra quienes saquearon la reserva t\u00e9cnica del IPE.<br>Los jubilados y pensionados han denunciado que gobiernos priistas, panistas y morenistas han \u201cencubierto\u201d a los presuntos responsables, pues hasta el momento nadie ha sido sancionado por dicha situaci\u00f3n.<\/p>\n","protected":false},"excerpt":{"rendered":"<p>Juan Arcos Xalapa, Ver.- El titular de la Secretar\u00eda de Finanzas y Planeaci\u00f3n (Sefiplan), Jos\u00e9 Luis Lima Franco, dio a conocer que se logr\u00f3 una importante inversi\u00f3n en la reserva t\u00e9cnica del Instituto de Pensiones del Estado de Veracruz. Se trata de un monto de mil 508 millones de pesos a plazo fijo por un [&hellip;]<\/p>\n","protected":false},"author":1,"featured_media":9359,"comment_status":"open","ping_status":"open","sticky":false,"template":"","format":"standard","meta":{"_jetpack_memberships_contains_paid_content":false,"footnotes":""},"categories":[2],"tags":[],"class_list":["post-9358","post","type-post","status-publish","format-standard","has-post-thumbnail","hentry","category-estado"],"jetpack_featured_media_url":"https:\/\/encuentroinformativo.com.mx\/wp-content\/uploads\/2020\/12\/AA2ECAA9-B130-434D-A81A-88DECE1AE5ED.jpeg","jetpack_sharing_enabled":true,"jetpack_likes_enabled":true,"amp_enabled":true,"_links":{"self":[{"href":"https:\/\/encuentroinformativo.com.mx\/index.php?rest_route=\/wp\/v2\/posts\/9358","targetHints":{"allow":["GET"]}}],"collection":[{"href":"https:\/\/encuentroinformativo.com.mx\/index.php?rest_route=\/wp\/v2\/posts"}],"about":[{"href":"https:\/\/encuentroinformativo.com.mx\/index.php?rest_route=\/wp\/v2\/types\/post"}],"author":[{"embeddable":true,"href":"https:\/\/encuentroinformativo.com.mx\/index.php?rest_route=\/wp\/v2\/users\/1"}],"replies":[{"embeddable":true,"href":"https:\/\/encuentroinformativo.com.mx\/index.php?rest_route=%2Fwp%2Fv2%2Fcomments&post=9358"}],"version-history":[{"count":1,"href":"https:\/\/encuentroinformativo.com.mx\/index.php?rest_route=\/wp\/v2\/posts\/9358\/revisions"}],"predecessor-version":[{"id":9360,"href":"https:\/\/encuentroinformativo.com.mx\/index.php?rest_route=\/wp\/v2\/posts\/9358\/revisions\/9360"}],"wp:featuredmedia":[{"embeddable":true,"href":"https:\/\/encuentroinformativo.com.mx\/index.php?rest_route=\/wp\/v2\/media\/9359"}],"wp:attachment":[{"href":"https:\/\/encuentroinformativo.com.mx\/index.php?rest_route=%2Fwp%2Fv2%2Fmedia&parent=9358"}],"wp:term":[{"taxonomy":"category","embeddable":true,"href":"https:\/\/encuentroinformativo.com.mx\/index.php?rest_route=%2Fwp%2Fv2%2Fcategories&post=9358"},{"taxonomy":"post_tag","embeddable":true,"href":"https:\/\/encuentroinformativo.com.mx\/index.php?rest_route=%2Fwp%2Fv2%2Ftags&post=9358"}],"curies":[{"name":"wp","href":"https:\/\/api.w.org\/{rel}","templated":true}]}}