{"id":9363,"date":"2020-12-21T17:54:33","date_gmt":"2020-12-21T23:54:33","guid":{"rendered":"https:\/\/encuentroinformativo.com.mx\/?p=9363"},"modified":"2020-12-21T17:54:36","modified_gmt":"2020-12-21T23:54:36","slug":"rinden-protesta-nuevos-integrantes-de-la-ceapp","status":"publish","type":"post","link":"https:\/\/encuentroinformativo.com.mx\/?p=9363","title":{"rendered":"Rinden protesta nuevos integrantes de la CEAPP"},"content":{"rendered":"\n<p><strong>*Los nueve comisionados y el Secretario Ejecutivo durar\u00e1n en el cargo cuatro a\u00f1os, con posibilidad a una sola reelecci\u00f3n.<\/strong><\/p>\n\n\n\n<p>Xalapa, Ver.- En nombre de la LXV Legislatura del Estado, la presidenta de la Mesa Directiva, diputada Adriana Paola Linares Capitanachi, tom\u00f3 la protesta de Ley a los nueve comisionados y al Secretario Ejecutivo de la Comisi\u00f3n Estatal para la Atenci\u00f3n y Protecci\u00f3n de los Periodistas (CEAPP), en cumplimiento a lo aprobado por el Pleno el pasado 17 de diciembre, durante la quinta sesi\u00f3n ordinaria, resultado de la propuesta enviada por el gobernador Cuitl\u00e1huac Garc\u00eda Jim\u00e9nez.<\/p>\n\n\n\n<p>Con las atribuciones conferidas por la Constituci\u00f3n local, la diputada les tom\u00f3 la protesta de ley a las y los ciudadanos: Silverio Quevedo Elox, Mar\u00eda Alejandra Herrera G\u00f3mez, Viridiana Reyes Cruz, Claudia Patricia Gonz\u00e1lez Vargas, Tulio Moreno Alvarado, David de Guadalupe Guzm\u00e1n Absal\u00f3n, Iv\u00e1n Gidi Blanchet, Fluvio Cesar Mart\u00ednez y Eric Abad Esp\u00edndola, en el car\u00e1cter de comisionados, e Israel Hern\u00e1ndez Sosa, como Secretario Ejecutivo.<\/p>\n\n\n\n<p>Previamente, en los trabajos de la Sexta Sesi\u00f3n Ordinaria del Primer Periodo correspondiente al tercer A\u00f1o de Ejercicio Constitucional, fueron designadas las diputadas Ana Miriam Ferr\u00e1ez Centeno y Judith Pineda Andrade, as\u00ed como los legisladores Antonio Garc\u00eda Reyes y Alexis S\u00e1nchez Garc\u00eda, para acompa\u00f1ar al Recinto Oficial de Sesiones a las y los nuevos Comisionados, as\u00ed como al Secretario Ejecutivo.<\/p>\n\n\n\n<p>De esta manera y en cumplimiento a la conformaci\u00f3n de la CEAPP, en lo que respecta a Periodistas quedaron Silverio Quevedo Elox, Mar\u00eda Alejandra Herrera G\u00f3mez, Viridiana Reyes Cruz y Claudia Patricia Gonz\u00e1lez Vargas.<\/p>\n\n\n\n<p>De propietarios o directivos de medios de comunicaci\u00f3n: Tulio Moreno Alvarado y David de Guadalupe Guzm\u00e1n Absal\u00f3n.<\/p>\n\n\n\n<p>Los dos representantes de organizaciones no gubernamentales: Iv\u00e1n Gidi Blanchet y Fluvio Cesar Mart\u00ednez.<\/p>\n\n\n\n<p>En la parte relativa a Acad\u00e9mico dedicado a tareas de ense\u00f1anza fue nombrado Eric Abad Esp\u00edndola, as\u00ed como Israel Hern\u00e1ndez Sosa, como Secretario Ejecutivo.<\/p>\n\n\n\n<p>De acuerdo con el Art\u00edculo 9 de la Ley de la Comisi\u00f3n Estatal para la Atenci\u00f3n y Protecci\u00f3n de los Periodistas, los comisionados y el Secretario Ejecutivo ser\u00e1n nombrados por el Congreso del Estado, con el voto de las dos terceras partes de los diputados presentes, a propuesta del Gobernador del Estado, y durar\u00e1n en su encargo cuatro a\u00f1os con posibilidad de reelecci\u00f3n por una sola ocasi\u00f3n.<\/p>\n\n\n\n<p>Los comisionados elegir\u00e1n, de entre sus pares, a quien se desempe\u00f1ar\u00e1 como Presidente de la Comisi\u00f3n, quien durar\u00e1 en su cargo dos a\u00f1os, con posibilidad de una sola reelecci\u00f3n.<\/p>\n","protected":false},"excerpt":{"rendered":"<p>*Los nueve comisionados y el Secretario Ejecutivo durar\u00e1n en el cargo cuatro a\u00f1os, con posibilidad a una sola reelecci\u00f3n. Xalapa, Ver.- En nombre de la LXV Legislatura del Estado, la presidenta de la Mesa Directiva, diputada Adriana Paola Linares Capitanachi, tom\u00f3 la protesta de Ley a los nueve comisionados y al Secretario Ejecutivo de la [&hellip;]<\/p>\n","protected":false},"author":1,"featured_media":9362,"comment_status":"open","ping_status":"open","sticky":false,"template":"","format":"standard","meta":{"_jetpack_memberships_contains_paid_content":false,"footnotes":""},"categories":[2],"tags":[],"class_list":["post-9363","post","type-post","status-publish","format-standard","has-post-thumbnail","hentry","category-estado"],"jetpack_featured_media_url":"https:\/\/encuentroinformativo.com.mx\/wp-content\/uploads\/2020\/12\/8A77597A-B5C0-43C8-996D-6D7851DD941F.jpeg","jetpack_sharing_enabled":true,"jetpack_likes_enabled":true,"amp_enabled":true,"_links":{"self":[{"href":"https:\/\/encuentroinformativo.com.mx\/index.php?rest_route=\/wp\/v2\/posts\/9363","targetHints":{"allow":["GET"]}}],"collection":[{"href":"https:\/\/encuentroinformativo.com.mx\/index.php?rest_route=\/wp\/v2\/posts"}],"about":[{"href":"https:\/\/encuentroinformativo.com.mx\/index.php?rest_route=\/wp\/v2\/types\/post"}],"author":[{"embeddable":true,"href":"https:\/\/encuentroinformativo.com.mx\/index.php?rest_route=\/wp\/v2\/users\/1"}],"replies":[{"embeddable":true,"href":"https:\/\/encuentroinformativo.com.mx\/index.php?rest_route=%2Fwp%2Fv2%2Fcomments&post=9363"}],"version-history":[{"count":1,"href":"https:\/\/encuentroinformativo.com.mx\/index.php?rest_route=\/wp\/v2\/posts\/9363\/revisions"}],"predecessor-version":[{"id":9364,"href":"https:\/\/encuentroinformativo.com.mx\/index.php?rest_route=\/wp\/v2\/posts\/9363\/revisions\/9364"}],"wp:featuredmedia":[{"embeddable":true,"href":"https:\/\/encuentroinformativo.com.mx\/index.php?rest_route=\/wp\/v2\/media\/9362"}],"wp:attachment":[{"href":"https:\/\/encuentroinformativo.com.mx\/index.php?rest_route=%2Fwp%2Fv2%2Fmedia&parent=9363"}],"wp:term":[{"taxonomy":"category","embeddable":true,"href":"https:\/\/encuentroinformativo.com.mx\/index.php?rest_route=%2Fwp%2Fv2%2Fcategories&post=9363"},{"taxonomy":"post_tag","embeddable":true,"href":"https:\/\/encuentroinformativo.com.mx\/index.php?rest_route=%2Fwp%2Fv2%2Ftags&post=9363"}],"curies":[{"name":"wp","href":"https:\/\/api.w.org\/{rel}","templated":true}]}}