{"id":937,"date":"2020-03-15T11:10:58","date_gmt":"2020-03-15T17:10:58","guid":{"rendered":"https:\/\/encuentroinformativo.com\/?p=937"},"modified":"2020-03-15T11:11:00","modified_gmt":"2020-03-15T17:11:00","slug":"por-prevencion-suspenden-peregrinacion-a-basilica","status":"publish","type":"post","link":"https:\/\/encuentroinformativo.com.mx\/?p=937","title":{"rendered":"Por prevenci\u00f3n, suspenden peregrinaci\u00f3n a Bas\u00edlica"},"content":{"rendered":"\n<p><strong>Juan Arcos<\/strong><\/p>\n\n\n\n<p>Xalapa, Ver.- Para evitar contagios por coronavirus, la Arquidi\u00f3cesis de Xalapa suspendi\u00f3 la peregrinaci\u00f3n que hab\u00eda programado a la Bas\u00edlica de Guadalupe, en la Ciudad de M\u00e9xico (CDMX), el pr\u00f3ximo 28 de abril.<\/p>\n\n\n\n<p>La decisi\u00f3n fue tomada luego de que se diera a conocer el riesgo sanitario que se ha ido incrementado en este pa\u00eds, durante los \u00faltimos d\u00edas.<\/p>\n\n\n\n<p>El vocero de la Arquidi\u00f3cesis de Xalapa, Jos\u00e9 Manuel Suazo Reyes, invit\u00f3 a las personas que hab\u00edan reservado sus boletos para viajar a la CDMX, para que se dirijan con los organizadores y se haga un acuerdo sobre sus reembolsos.<\/p>\n\n\n\n<p>A\u00f1adi\u00f3 que los obispos de M\u00e9xico, tras verificarse los primeros casos de importaci\u00f3n del virus a nuestro pa\u00eds, hicieron un llamado al pueblo que peregrina en M\u00e9xico para tomar las medidas preventivas necesarias y evitar el contagio.<\/p>\n\n\n\n<p>En ese sentido, la Presidencia del Episcopado Mexicano sugiri\u00f3 como medida preventiva, en el caso de contingencia sanitaria, la suspensi\u00f3n de los saludos con contacto f\u00edsico.<\/p>\n\n\n\n<p>Incluso, respecto a la Sagrada Comuni\u00f3n, los prelados indicaron tambi\u00e9n que durante la eventual emergencia, sea distribuida en la mano y no en la boca, seg\u00fan las normas de la Iglesia.<\/p>\n\n\n\n<p>Suazo Reyes indic\u00f3 que la iglesia pide a los feligreses que acaten las recomendaciones emitidas por las autoridades del Sector Salud.<\/p>\n\n\n\n<p>Adem\u00e1s, lament\u00f3 la falta de seriedad y de responsabilidad con la que algunas autoridades han tratado esta pandemia en este pa\u00eds.<\/p>\n\n\n\n<p>\u201cLas medidas urgentes y agresivas que recomend\u00f3 el director de la OMS no se han visto. Por ejemplo, es una falta muy delicada no aplicar protocolos de prevenci\u00f3n a quienes estuvieron llegando a nuestro pa\u00eds procedentes del extranjero. Muchas personas pasaron las aduanas sin observar ning\u00fan filtro de sanidad, no se puede exponer de esa manera la salud de los mexicanos. M\u00e1s grave a\u00fan con el sistema de salud tan precario que tenemos. Si algunos pa\u00edses de primer mundo est\u00e1n ahora enfrentando graves crisis por la abundante cantidad de contagiados, \u00bfqu\u00e9 podemos esperar del nuestro?\u201d, increp\u00f3 el Presb\u00edtero.<\/p>\n","protected":false},"excerpt":{"rendered":"<p>Juan Arcos Xalapa, Ver.- Para evitar contagios por coronavirus, la Arquidi\u00f3cesis de Xalapa suspendi\u00f3 la peregrinaci\u00f3n que hab\u00eda programado a la Bas\u00edlica de Guadalupe, en la Ciudad de M\u00e9xico (CDMX), el pr\u00f3ximo 28 de abril. La decisi\u00f3n fue tomada luego de que se diera a conocer el riesgo sanitario que se ha ido incrementado en [&hellip;]<\/p>\n","protected":false},"author":1,"featured_media":938,"comment_status":"open","ping_status":"open","sticky":false,"template":"","format":"standard","meta":{"_jetpack_memberships_contains_paid_content":false,"footnotes":""},"categories":[3],"tags":[],"class_list":["post-937","post","type-post","status-publish","format-standard","has-post-thumbnail","hentry","category-xalapa"],"jetpack_featured_media_url":"https:\/\/encuentroinformativo.com.mx\/wp-content\/uploads\/2020\/03\/6ECE8595-63D7-415A-8C55-51C51086A42D.jpeg","jetpack_sharing_enabled":true,"jetpack_likes_enabled":true,"amp_enabled":true,"_links":{"self":[{"href":"https:\/\/encuentroinformativo.com.mx\/index.php?rest_route=\/wp\/v2\/posts\/937","targetHints":{"allow":["GET"]}}],"collection":[{"href":"https:\/\/encuentroinformativo.com.mx\/index.php?rest_route=\/wp\/v2\/posts"}],"about":[{"href":"https:\/\/encuentroinformativo.com.mx\/index.php?rest_route=\/wp\/v2\/types\/post"}],"author":[{"embeddable":true,"href":"https:\/\/encuentroinformativo.com.mx\/index.php?rest_route=\/wp\/v2\/users\/1"}],"replies":[{"embeddable":true,"href":"https:\/\/encuentroinformativo.com.mx\/index.php?rest_route=%2Fwp%2Fv2%2Fcomments&post=937"}],"version-history":[{"count":1,"href":"https:\/\/encuentroinformativo.com.mx\/index.php?rest_route=\/wp\/v2\/posts\/937\/revisions"}],"predecessor-version":[{"id":939,"href":"https:\/\/encuentroinformativo.com.mx\/index.php?rest_route=\/wp\/v2\/posts\/937\/revisions\/939"}],"wp:featuredmedia":[{"embeddable":true,"href":"https:\/\/encuentroinformativo.com.mx\/index.php?rest_route=\/wp\/v2\/media\/938"}],"wp:attachment":[{"href":"https:\/\/encuentroinformativo.com.mx\/index.php?rest_route=%2Fwp%2Fv2%2Fmedia&parent=937"}],"wp:term":[{"taxonomy":"category","embeddable":true,"href":"https:\/\/encuentroinformativo.com.mx\/index.php?rest_route=%2Fwp%2Fv2%2Fcategories&post=937"},{"taxonomy":"post_tag","embeddable":true,"href":"https:\/\/encuentroinformativo.com.mx\/index.php?rest_route=%2Fwp%2Fv2%2Ftags&post=937"}],"curies":[{"name":"wp","href":"https:\/\/api.w.org\/{rel}","templated":true}]}}