{"id":9370,"date":"2020-12-21T23:29:01","date_gmt":"2020-12-22T05:29:01","guid":{"rendered":"https:\/\/encuentroinformativo.com.mx\/?p=9370"},"modified":"2020-12-21T23:29:10","modified_gmt":"2020-12-22T05:29:10","slug":"la-ultima-del-ano","status":"publish","type":"post","link":"https:\/\/encuentroinformativo.com.mx\/?p=9370","title":{"rendered":"La \u00faltima del a\u00f1o&#8230;"},"content":{"rendered":"\n<p>Xalapa, Ver.- Este lunes diputados locales realizaron la \u00faltima sesi\u00f3n de este 2020, aunque muchos diputados brillaron por su ausencia, los nuevos integrantes de la Comisi\u00f3n Estatal de Atenci\u00f3n y Protecci\u00f3n a Periodistas (CEAPP) rindieron la protesta de ley.<\/p>\n\n\n\n<p>Mientras que algunas legisladores optaron por el color \u201cMorena\u201d en su vestuario \u00bfSer\u00e1 que ya andan en campa\u00f1a? <\/p>\n\n\n\n<p><strong>Fotos: V<\/strong>ic-Man <\/p>\n\n\n\n<figure class=\"wp-block-image size-large\"><img loading=\"lazy\" decoding=\"async\" width=\"1024\" height=\"524\" src=\"https:\/\/encuentroinformativo.com.mx\/wp-content\/uploads\/2020\/12\/756E7E2A-A200-4799-8C0D-8C33A6E9650D-1024x524.jpeg\" alt=\"\" class=\"wp-image-9373\" srcset=\"https:\/\/encuentroinformativo.com.mx\/wp-content\/uploads\/2020\/12\/756E7E2A-A200-4799-8C0D-8C33A6E9650D-1024x524.jpeg 1024w, https:\/\/encuentroinformativo.com.mx\/wp-content\/uploads\/2020\/12\/756E7E2A-A200-4799-8C0D-8C33A6E9650D-300x154.jpeg 300w, https:\/\/encuentroinformativo.com.mx\/wp-content\/uploads\/2020\/12\/756E7E2A-A200-4799-8C0D-8C33A6E9650D-768x393.jpeg 768w, https:\/\/encuentroinformativo.com.mx\/wp-content\/uploads\/2020\/12\/756E7E2A-A200-4799-8C0D-8C33A6E9650D-1536x786.jpeg 1536w, https:\/\/encuentroinformativo.com.mx\/wp-content\/uploads\/2020\/12\/756E7E2A-A200-4799-8C0D-8C33A6E9650D.jpeg 1600w\" sizes=\"auto, (max-width: 1024px) 100vw, 1024px\" \/><\/figure>\n\n\n\n<figure class=\"wp-block-image size-large\"><img loading=\"lazy\" decoding=\"async\" width=\"1024\" height=\"443\" src=\"https:\/\/encuentroinformativo.com.mx\/wp-content\/uploads\/2020\/12\/0539C2C8-C79B-417D-B183-4D1EDFF780B3-1024x443.jpeg\" alt=\"\" class=\"wp-image-9372\" srcset=\"https:\/\/encuentroinformativo.com.mx\/wp-content\/uploads\/2020\/12\/0539C2C8-C79B-417D-B183-4D1EDFF780B3-1024x443.jpeg 1024w, https:\/\/encuentroinformativo.com.mx\/wp-content\/uploads\/2020\/12\/0539C2C8-C79B-417D-B183-4D1EDFF780B3-300x130.jpeg 300w, https:\/\/encuentroinformativo.com.mx\/wp-content\/uploads\/2020\/12\/0539C2C8-C79B-417D-B183-4D1EDFF780B3-768x332.jpeg 768w, https:\/\/encuentroinformativo.com.mx\/wp-content\/uploads\/2020\/12\/0539C2C8-C79B-417D-B183-4D1EDFF780B3-1536x664.jpeg 1536w, https:\/\/encuentroinformativo.com.mx\/wp-content\/uploads\/2020\/12\/0539C2C8-C79B-417D-B183-4D1EDFF780B3.jpeg 1600w\" sizes=\"auto, (max-width: 1024px) 100vw, 1024px\" \/><\/figure>\n\n\n","protected":false},"excerpt":{"rendered":"<p>Xalapa, Ver.- Este lunes diputados locales realizaron la \u00faltima sesi\u00f3n de este 2020, aunque muchos diputados brillaron por su ausencia, los nuevos integrantes de la Comisi\u00f3n Estatal de Atenci\u00f3n y Protecci\u00f3n a Periodistas (CEAPP) rindieron la protesta de ley. Mientras que algunas legisladores optaron por el color \u201cMorena\u201d en su vestuario \u00bfSer\u00e1 que ya andan [&hellip;]<\/p>\n","protected":false},"author":1,"featured_media":9371,"comment_status":"open","ping_status":"open","sticky":false,"template":"","format":"standard","meta":{"_jetpack_memberships_contains_paid_content":false,"footnotes":""},"categories":[3],"tags":[],"class_list":["post-9370","post","type-post","status-publish","format-standard","has-post-thumbnail","hentry","category-xalapa"],"jetpack_featured_media_url":"https:\/\/encuentroinformativo.com.mx\/wp-content\/uploads\/2020\/12\/F9D418E6-2A0A-4220-82A5-3A3A5F198D98.jpeg","jetpack_sharing_enabled":true,"jetpack_likes_enabled":true,"amp_enabled":true,"_links":{"self":[{"href":"https:\/\/encuentroinformativo.com.mx\/index.php?rest_route=\/wp\/v2\/posts\/9370","targetHints":{"allow":["GET"]}}],"collection":[{"href":"https:\/\/encuentroinformativo.com.mx\/index.php?rest_route=\/wp\/v2\/posts"}],"about":[{"href":"https:\/\/encuentroinformativo.com.mx\/index.php?rest_route=\/wp\/v2\/types\/post"}],"author":[{"embeddable":true,"href":"https:\/\/encuentroinformativo.com.mx\/index.php?rest_route=\/wp\/v2\/users\/1"}],"replies":[{"embeddable":true,"href":"https:\/\/encuentroinformativo.com.mx\/index.php?rest_route=%2Fwp%2Fv2%2Fcomments&post=9370"}],"version-history":[{"count":1,"href":"https:\/\/encuentroinformativo.com.mx\/index.php?rest_route=\/wp\/v2\/posts\/9370\/revisions"}],"predecessor-version":[{"id":9374,"href":"https:\/\/encuentroinformativo.com.mx\/index.php?rest_route=\/wp\/v2\/posts\/9370\/revisions\/9374"}],"wp:featuredmedia":[{"embeddable":true,"href":"https:\/\/encuentroinformativo.com.mx\/index.php?rest_route=\/wp\/v2\/media\/9371"}],"wp:attachment":[{"href":"https:\/\/encuentroinformativo.com.mx\/index.php?rest_route=%2Fwp%2Fv2%2Fmedia&parent=9370"}],"wp:term":[{"taxonomy":"category","embeddable":true,"href":"https:\/\/encuentroinformativo.com.mx\/index.php?rest_route=%2Fwp%2Fv2%2Fcategories&post=9370"},{"taxonomy":"post_tag","embeddable":true,"href":"https:\/\/encuentroinformativo.com.mx\/index.php?rest_route=%2Fwp%2Fv2%2Ftags&post=9370"}],"curies":[{"name":"wp","href":"https:\/\/api.w.org\/{rel}","templated":true}]}}