{"id":9378,"date":"2020-12-22T12:33:46","date_gmt":"2020-12-22T18:33:46","guid":{"rendered":"https:\/\/encuentroinformativo.com.mx\/?p=9378"},"modified":"2020-12-22T12:33:49","modified_gmt":"2020-12-22T18:33:49","slug":"anuncia-nestle-inversion-para-caminos-de-acceso-a-fabrica-en-coatepec","status":"publish","type":"post","link":"https:\/\/encuentroinformativo.com.mx\/?p=9378","title":{"rendered":"Anuncia Nestl\u00e9 inversi\u00f3n para caminos de acceso a f\u00e1brica en Coatepec"},"content":{"rendered":"\n<p>Coatepec, Ver.- <em>Nestl\u00e9 M\u00e9xico<\/em> destinar\u00e1 una inversi\u00f3n de 150 millones de pesos para la construcci\u00f3n de un nuevo acceso a su f\u00e1brica de l\u00e1cteos ubicada en la zona de Ex Hacienda de La Ordu\u00f1a, que contempla un innovador sistema de control y mitigaci\u00f3n de ruido, as\u00ed como medidas de preservaci\u00f3n ambiental a partir de un dise\u00f1o arm\u00f3nico integrado al ecosistema de la zona, como parte de su compromiso con dicha comunidad.<\/p>\n\n\n\n<p>Derivado del crecimiento de urbanizaci\u00f3n aleda\u00f1a, Nestl\u00e9 M\u00e9xico asumi\u00f3 la tarea de construir un camino confinado a su f\u00e1brica, que adem\u00e1s de eliminar afectaciones de ruido y tr\u00e1nsito a pobladores de colonias como La Ordu\u00f1a, La Florida, El Sauce, entre otras, agilizar\u00e1 la log\u00edstica de la planta garantizando as\u00ed una operaci\u00f3n y convivencia favorables.<\/p>\n\n\n\n<p>El nuevo acceso tendr\u00e1 conexi\u00f3n directa con el Libramiento de Coatepec, contar\u00e1 con 480m lineales de rodamiento y 8.70m de ancho, un puente piloteado de 120m de longitud, ser\u00e1 de uso exclusivo para el transporte de mercanc\u00edas de la compa\u00f1\u00eda y contar\u00e1 con se\u00f1al\u00e9tica de l\u00edmites de velocidad.&nbsp;Una vez iniciada, la obra durar\u00e1&nbsp;aproximadamente&nbsp;seis meses y,&nbsp;una vez que se finalice, la empresa dejar\u00e1 de usar el acceso original.<\/p>\n\n\n\n<p><em>\u201cNestl\u00e9 est\u00e1 destinando una inversi\u00f3n de 150 millones de pesos para la compra de 30 predios colindantes<\/em><em>&nbsp;donde se construir\u00e1 el nuevo acceso para enlazar a la f\u00e1brica con el libramiento y as\u00ed evitar el tr\u00e1nsito por el camino de La Ordu\u00f1a.&nbsp;<\/em><em>Con ello estamos garantizando la&nbsp;<\/em><em>soluci<\/em><em>\u00f3n comprometida con la comunidad; queremos ser muy claros<\/em><em>,&nbsp;<\/em><em>transparentes<\/em><em>&nbsp;y continuar con el di\u00e1logo que hemos tenido desde que inici\u00f3 este proyecto<\/em><em>, por lo que seguiremos informando&nbsp;<\/em><em>sobre<\/em><em>&nbsp;los avances\u201d<\/em><em>,&nbsp;<\/em>afirm\u00f3&nbsp;<strong>Juan Carlos Pardo, Director de Asuntos Corporativos de Nestl\u00e9 M\u00e9xico.<\/strong><\/p>\n\n\n\n<p>Respecto a las medidas de cuidado del entorno, que estar\u00e1n por encima de las normas vigentes exigibles, se emplear\u00e1n tecnolog\u00edas amigables con el medio ambiente, como la integraci\u00f3n de barreras ac\u00fasticas efectivas para reducir la transmisi\u00f3n de ruido, y se pondr\u00e1 en marcha un&nbsp;plan de reforestaci\u00f3n.&nbsp;<\/p>\n\n\n\n<p>Cabe destacar que, desde 2014, la f\u00e1brica de l\u00e1cteos de Nestl\u00e9 en Coatepec es una instalaci\u00f3n Cero Residuos a relleno sanitario, cuenta con certificado de Industria Limpia y 85% de la energ\u00eda que utiliza proviene de fuentes renovables, principalmente e\u00f3lica. Asimismo, participa en el programa \u201cAdopta una hect\u00e1rea\u201d del Fideicomiso&nbsp;Coatepecano&nbsp;para la&nbsp;Conservaci\u00f3n del Bosque&nbsp;y el Agua (FIDECOAGUA), a trav\u00e9s del&nbsp;cual&nbsp;se han logrado proteger 500ha delBosque de&nbsp;Niebla.&nbsp;<\/p>\n\n\n\n<p>Asimismo, este a\u00f1o&nbsp;la f\u00e1brica recibi\u00f3 la certificaci\u00f3n internacional Alliance&nbsp;for&nbsp;Water&nbsp;Stewardship&nbsp;(AWS) por los estrictos controles y cuidados en el manejo del agua dentro de su operaci\u00f3n y en beneficio de la comunidad en la que opera, convirti\u00e9ndose as\u00ed en la primera f\u00e1brica l\u00e1ctea de Nestl\u00e9 a nivel mundial en obtener el distintivo y la segunda de la compa\u00f1\u00eda certificada en M\u00e9xico.&nbsp;La instalaci\u00f3n&nbsp;fue certificada en el nivel CORE (AWS CORE CERTIFIED) por impulsar la gesti\u00f3n sostenible del agua mediante acciones significativas que benefician a las personas, la econom\u00eda y la naturaleza.&nbsp;<\/p>\n\n\n\n<p>Esta inversi\u00f3n es una muestra m\u00e1s del compromiso que Nestl\u00e9 tiene con el desarrollo y bienestar de los&nbsp;coatepecanos,&nbsp;con quienes comparte un v\u00ednculo entra\u00f1able desde hace 64 a\u00f1os cuando inici\u00f3 operaciones la f\u00e1brica de Coatepec que hoy produce 145,000 toneladas de leche condensada y en polvo, y genera 500 empleos directos y 1,500 indirectos. &nbsp;<\/p>\n","protected":false},"excerpt":{"rendered":"<p>Coatepec, Ver.- Nestl\u00e9 M\u00e9xico destinar\u00e1 una inversi\u00f3n de 150 millones de pesos para la construcci\u00f3n de un nuevo acceso a su f\u00e1brica de l\u00e1cteos ubicada en la zona de Ex Hacienda de La Ordu\u00f1a, que contempla un innovador sistema de control y mitigaci\u00f3n de ruido, as\u00ed como medidas de preservaci\u00f3n ambiental a partir de un [&hellip;]<\/p>\n","protected":false},"author":1,"featured_media":9243,"comment_status":"open","ping_status":"open","sticky":false,"template":"","format":"standard","meta":{"_jetpack_memberships_contains_paid_content":false,"footnotes":""},"categories":[8],"tags":[],"class_list":["post-9378","post","type-post","status-publish","format-standard","has-post-thumbnail","hentry","category-region"],"jetpack_featured_media_url":"https:\/\/encuentroinformativo.com.mx\/wp-content\/uploads\/2020\/12\/09476C15-2775-4BD7-A2F0-76802EF7D08F.jpeg","jetpack_sharing_enabled":true,"jetpack_likes_enabled":true,"amp_enabled":true,"_links":{"self":[{"href":"https:\/\/encuentroinformativo.com.mx\/index.php?rest_route=\/wp\/v2\/posts\/9378","targetHints":{"allow":["GET"]}}],"collection":[{"href":"https:\/\/encuentroinformativo.com.mx\/index.php?rest_route=\/wp\/v2\/posts"}],"about":[{"href":"https:\/\/encuentroinformativo.com.mx\/index.php?rest_route=\/wp\/v2\/types\/post"}],"author":[{"embeddable":true,"href":"https:\/\/encuentroinformativo.com.mx\/index.php?rest_route=\/wp\/v2\/users\/1"}],"replies":[{"embeddable":true,"href":"https:\/\/encuentroinformativo.com.mx\/index.php?rest_route=%2Fwp%2Fv2%2Fcomments&post=9378"}],"version-history":[{"count":1,"href":"https:\/\/encuentroinformativo.com.mx\/index.php?rest_route=\/wp\/v2\/posts\/9378\/revisions"}],"predecessor-version":[{"id":9379,"href":"https:\/\/encuentroinformativo.com.mx\/index.php?rest_route=\/wp\/v2\/posts\/9378\/revisions\/9379"}],"wp:featuredmedia":[{"embeddable":true,"href":"https:\/\/encuentroinformativo.com.mx\/index.php?rest_route=\/wp\/v2\/media\/9243"}],"wp:attachment":[{"href":"https:\/\/encuentroinformativo.com.mx\/index.php?rest_route=%2Fwp%2Fv2%2Fmedia&parent=9378"}],"wp:term":[{"taxonomy":"category","embeddable":true,"href":"https:\/\/encuentroinformativo.com.mx\/index.php?rest_route=%2Fwp%2Fv2%2Fcategories&post=9378"},{"taxonomy":"post_tag","embeddable":true,"href":"https:\/\/encuentroinformativo.com.mx\/index.php?rest_route=%2Fwp%2Fv2%2Ftags&post=9378"}],"curies":[{"name":"wp","href":"https:\/\/api.w.org\/{rel}","templated":true}]}}