{"id":9380,"date":"2020-12-22T14:04:49","date_gmt":"2020-12-22T20:04:49","guid":{"rendered":"https:\/\/encuentroinformativo.com.mx\/?p=9380"},"modified":"2020-12-22T14:05:20","modified_gmt":"2020-12-22T20:05:20","slug":"familiares-reclaman-aparicion-de-miguel-vazquez-piden-respuestas-a-fiscalia","status":"publish","type":"post","link":"https:\/\/encuentroinformativo.com.mx\/?p=9380","title":{"rendered":"Familiares reclaman aparici\u00f3n de Miguel V\u00e1zquez, piden respuestas a Fiscal\u00eda"},"content":{"rendered":"\n<p><strong>Juan Arcos <\/strong><\/p>\n\n\n\n<p>Xalapa, Ver.- Un grupo de familiares, amigos y activistas protest\u00f3 afuera de la Unidad Especializada Contra el Secuestro (UECS), para exigir la aparici\u00f3n con vida del defensor ambiental Miguel V\u00e1zquez Mart\u00ednez, quien habr\u00eda sido v\u00edctima de desaparici\u00f3n forzada.<\/p>\n\n\n\n<p>Cabe recordar que el activista, quien es fundador y tesorero de la Alianza de Comunidades y Organizaciones en Defensa del R\u00edo Bobos-Nautla, fue privado de su libertad el pasado 20 de octubre en el municipio de Tlapacoyan.<\/p>\n\n\n\n<p>Sus compa\u00f1eros denunciaron que a 62 d\u00edas del secuestro no hay avances en las investigaciones por parte de de la Fiscal\u00eda General del Estado (FGE).<\/p>\n\n\n\n<p>Los entrevistados, de identidad resguardada, mencionaron que ya van dos meses de incertidumbre y, por ello, es que decidieron manifestarse en las oficinas de la UECS, ubicadas sobre el bulevar Rafael Gu\u00edzar y Valencia, mejor conocido como Arco Sur.<\/p>\n\n\n\n<p>\u201cVueltas y vueltas, comentarios pero nada en concreto, creo que estamos c\u00f3mo empezamos y es lo que nos tiene preocupados, que no sabemos su paradero\u201d, expresaron.<\/p>\n\n\n\n<p>Adem\u00e1s, recordaron que V\u00e1zquez Mart\u00ednez, de 69 a\u00f1os, es una persona trabajadora, dedicada tambi\u00e9n a la agricultura en su rancho y a la comercializaci\u00f3n.<\/p>\n\n\n\n<p>En ese sentido, 26 organizaciones ambientalistas de la entidad exigieron al gobierno la aparici\u00f3n inmediata de su compa\u00f1ero.<\/p>\n\n\n\n<p>\u201cHan transcurrido 62 d\u00edas desde su desaparici\u00f3n. Por la falta de coordinaci\u00f3n y pasividad de las instituciones gubernamentales, ni siquiera se tienen resultados sobre su ubicaci\u00f3n. Cada minuto que trascurre, es menos probable que recuperemos a nuestro compa\u00f1ero con vida por esta inoperante organizaci\u00f3n Estatal. El secuestro del compa\u00f1ero Miguel V\u00e1zquez Mart\u00ednez, no solo da\u00f1a a su familia, agrede a todo el Colectivo Social Defensor del Medio Ambiente y Derechos Humanos, de esta vasta regi\u00f3n Veracruzana. Por tal raz\u00f3n, exigimos al Estado, la recuperaci\u00f3n inmediata y con vida de Miguel V\u00e1zquez Mart\u00ednez\u201d, se lee en el desplegado.<\/p>\n\n\n\n<p>Los familiares del ambientalista ingresaron a las instalaciones de la UECS para exigir informaci\u00f3n y avances en las investigaciones.<\/p>\n","protected":false},"excerpt":{"rendered":"<p>Juan Arcos Xalapa, Ver.- Un grupo de familiares, amigos y activistas protest\u00f3 afuera de la Unidad Especializada Contra el Secuestro (UECS), para exigir la aparici\u00f3n con vida del defensor ambiental Miguel V\u00e1zquez Mart\u00ednez, quien habr\u00eda sido v\u00edctima de desaparici\u00f3n forzada. Cabe recordar que el activista, quien es fundador y tesorero de la Alianza de Comunidades [&hellip;]<\/p>\n","protected":false},"author":1,"featured_media":9381,"comment_status":"open","ping_status":"open","sticky":false,"template":"","format":"standard","meta":{"_jetpack_memberships_contains_paid_content":false,"footnotes":""},"categories":[3],"tags":[],"class_list":["post-9380","post","type-post","status-publish","format-standard","has-post-thumbnail","hentry","category-xalapa"],"jetpack_featured_media_url":"https:\/\/encuentroinformativo.com.mx\/wp-content\/uploads\/2020\/12\/A451A69D-969A-4D99-8753-4DEF2CBA8502.jpeg","jetpack_sharing_enabled":true,"jetpack_likes_enabled":true,"amp_enabled":true,"_links":{"self":[{"href":"https:\/\/encuentroinformativo.com.mx\/index.php?rest_route=\/wp\/v2\/posts\/9380","targetHints":{"allow":["GET"]}}],"collection":[{"href":"https:\/\/encuentroinformativo.com.mx\/index.php?rest_route=\/wp\/v2\/posts"}],"about":[{"href":"https:\/\/encuentroinformativo.com.mx\/index.php?rest_route=\/wp\/v2\/types\/post"}],"author":[{"embeddable":true,"href":"https:\/\/encuentroinformativo.com.mx\/index.php?rest_route=\/wp\/v2\/users\/1"}],"replies":[{"embeddable":true,"href":"https:\/\/encuentroinformativo.com.mx\/index.php?rest_route=%2Fwp%2Fv2%2Fcomments&post=9380"}],"version-history":[{"count":1,"href":"https:\/\/encuentroinformativo.com.mx\/index.php?rest_route=\/wp\/v2\/posts\/9380\/revisions"}],"predecessor-version":[{"id":9382,"href":"https:\/\/encuentroinformativo.com.mx\/index.php?rest_route=\/wp\/v2\/posts\/9380\/revisions\/9382"}],"wp:featuredmedia":[{"embeddable":true,"href":"https:\/\/encuentroinformativo.com.mx\/index.php?rest_route=\/wp\/v2\/media\/9381"}],"wp:attachment":[{"href":"https:\/\/encuentroinformativo.com.mx\/index.php?rest_route=%2Fwp%2Fv2%2Fmedia&parent=9380"}],"wp:term":[{"taxonomy":"category","embeddable":true,"href":"https:\/\/encuentroinformativo.com.mx\/index.php?rest_route=%2Fwp%2Fv2%2Fcategories&post=9380"},{"taxonomy":"post_tag","embeddable":true,"href":"https:\/\/encuentroinformativo.com.mx\/index.php?rest_route=%2Fwp%2Fv2%2Ftags&post=9380"}],"curies":[{"name":"wp","href":"https:\/\/api.w.org\/{rel}","templated":true}]}}