{"id":9398,"date":"2020-12-22T18:01:57","date_gmt":"2020-12-23T00:01:57","guid":{"rendered":"https:\/\/encuentroinformativo.com.mx\/?p=9398"},"modified":"2020-12-22T18:02:00","modified_gmt":"2020-12-23T00:02:00","slug":"intentara-ayuntamiento-inhibir-ventas-de-ambulantes-regidor","status":"publish","type":"post","link":"https:\/\/encuentroinformativo.com.mx\/?p=9398","title":{"rendered":"Intentar\u00e1 Ayuntamiento inhibir ventas de ambulantes: Regidor"},"content":{"rendered":"\n<p><strong>Dar\u00edo Pale <\/strong><\/p>\n\n\n\n<p>Xalapa, Ver.- Ante la negativa de los vendedores que se instalaron en la calle Victoria de retirarse, el ayuntamiento solamente realizar\u00e1 acciones para inhibir la comercializaci\u00f3n de sus productos, as\u00ed lo inform\u00f3 el\u00a0regidor 11 del ayuntamiento de Xalapa, Francisco Xavier Gonz\u00e1lez Villag\u00f3mez.<\/p>\n\n\n\n<p>En entrevista, reiter\u00f3 que no van a hacer uso de la fuerza p\u00fablica para quitarlos, por lo que hizo\u00a0un llamado a la responsabilidad de los ciudadanos para que no acudan a lugares donde se puedan generar grandes aglomeraciones y sin medidas sanitarias, por lo que record\u00f3 que los vendedores de la calle Victoria en su mayor\u00eda son de la plaza Clavijero y revel\u00f3 que tienen un adeudo con el Ayuntamiento de hace 16 a\u00f1os por impuestos y derechos.<\/p>\n\n\n\n<p>&#8220;A\u00fan as\u00ed les dimos la oportunidad, los espacios para que vendieran. Quiero decirles que jam\u00e1s se les coart\u00f3 su derecho a trabajar. Se les busc\u00f3 un espacio que se pod\u00eda controlar con las medidas sanitarias, no accedieron desafortunadamente, pero no vamos a caer en la provocaci\u00f3n de usar la fuerza p\u00fablica&#8221;, se\u00f1al\u00f3.<\/p>\n\n\n\n<p>Reiter\u00f3 que la acci\u00f3n que realizar\u00e1 el Ayuntamiento ser\u00e1 inhibir la venta de productos, adem\u00e1s de realizar operativos como los que se van a realizar o ya se llevan a cabo en las plazas comerciales para que no vaya la gente, aunque reconoci\u00f3 que se han estado registrando diversas aglomeraciones en los centros comerciales, afuera de los bancos, lo cual ya ten\u00edan previsto, que la ciudadan\u00eda se iba a &#8220;desbordar&#8221; con el pago de los aguinaldos.<\/p>\n\n\n\n<p>Por ello, pidi\u00f3 a los xalape\u00f1os que traten de hacer sus compras por internet por tel\u00e9fono y que busquen hacer pagos a trav\u00e9s de las aplicaciones bancarias,\u00a0&#8220;pero que ya no vayan a los centros comerciales y si lo hacen que lo hagan de manera ordenada. Igual aqu\u00ed con los comerciantes pedimos que apoyen&#8221;.<\/p>\n\n\n\n<p>Finalmente reconoci\u00f3 que \u00e9sto por supuesto no significa &#8220;piso parejo&#8221; para los due\u00f1os de los comercios establecidos, toda vez que ellos son los que pagan impuestos, son los que generan las fuentes de empleo, y en ese sentido, pidi\u00f3 la comprensi\u00f3n a los micros y peque\u00f1os empresarios.<\/p>\n","protected":false},"excerpt":{"rendered":"<p>Dar\u00edo Pale Xalapa, Ver.- Ante la negativa de los vendedores que se instalaron en la calle Victoria de retirarse, el ayuntamiento solamente realizar\u00e1 acciones para inhibir la comercializaci\u00f3n de sus productos, as\u00ed lo inform\u00f3 el\u00a0regidor 11 del ayuntamiento de Xalapa, Francisco Xavier Gonz\u00e1lez Villag\u00f3mez. En entrevista, reiter\u00f3 que no van a hacer uso de la [&hellip;]<\/p>\n","protected":false},"author":1,"featured_media":9399,"comment_status":"open","ping_status":"open","sticky":false,"template":"","format":"standard","meta":{"_jetpack_memberships_contains_paid_content":false,"footnotes":""},"categories":[3],"tags":[],"class_list":["post-9398","post","type-post","status-publish","format-standard","has-post-thumbnail","hentry","category-xalapa"],"jetpack_featured_media_url":"https:\/\/encuentroinformativo.com.mx\/wp-content\/uploads\/2020\/12\/2F12B78C-01C1-4F14-ABC8-9C4B85FD277E.jpeg","jetpack_sharing_enabled":true,"jetpack_likes_enabled":true,"amp_enabled":true,"_links":{"self":[{"href":"https:\/\/encuentroinformativo.com.mx\/index.php?rest_route=\/wp\/v2\/posts\/9398","targetHints":{"allow":["GET"]}}],"collection":[{"href":"https:\/\/encuentroinformativo.com.mx\/index.php?rest_route=\/wp\/v2\/posts"}],"about":[{"href":"https:\/\/encuentroinformativo.com.mx\/index.php?rest_route=\/wp\/v2\/types\/post"}],"author":[{"embeddable":true,"href":"https:\/\/encuentroinformativo.com.mx\/index.php?rest_route=\/wp\/v2\/users\/1"}],"replies":[{"embeddable":true,"href":"https:\/\/encuentroinformativo.com.mx\/index.php?rest_route=%2Fwp%2Fv2%2Fcomments&post=9398"}],"version-history":[{"count":1,"href":"https:\/\/encuentroinformativo.com.mx\/index.php?rest_route=\/wp\/v2\/posts\/9398\/revisions"}],"predecessor-version":[{"id":9400,"href":"https:\/\/encuentroinformativo.com.mx\/index.php?rest_route=\/wp\/v2\/posts\/9398\/revisions\/9400"}],"wp:featuredmedia":[{"embeddable":true,"href":"https:\/\/encuentroinformativo.com.mx\/index.php?rest_route=\/wp\/v2\/media\/9399"}],"wp:attachment":[{"href":"https:\/\/encuentroinformativo.com.mx\/index.php?rest_route=%2Fwp%2Fv2%2Fmedia&parent=9398"}],"wp:term":[{"taxonomy":"category","embeddable":true,"href":"https:\/\/encuentroinformativo.com.mx\/index.php?rest_route=%2Fwp%2Fv2%2Fcategories&post=9398"},{"taxonomy":"post_tag","embeddable":true,"href":"https:\/\/encuentroinformativo.com.mx\/index.php?rest_route=%2Fwp%2Fv2%2Ftags&post=9398"}],"curies":[{"name":"wp","href":"https:\/\/api.w.org\/{rel}","templated":true}]}}