{"id":94,"date":"2020-02-25T16:04:15","date_gmt":"2020-02-25T22:04:15","guid":{"rendered":"https:\/\/encuentroinformativodotcomdotmx.wordpress.com\/?p=94"},"modified":"2020-02-25T16:04:15","modified_gmt":"2020-02-25T22:04:15","slug":"llama-asf-no-contratar-despachos-para-auditorias","status":"publish","type":"post","link":"https:\/\/encuentroinformativo.com.mx\/?p=94","title":{"rendered":"Llama ASF no contratar despachos para auditor\u00edas"},"content":{"rendered":"<p><img loading=\"lazy\" decoding=\"async\" class=\"size-medium wp-image-96 alignright\" src=\"https:\/\/encuentroinformativo.com.mx\/wp-content\/uploads\/2020\/02\/emfrx7fwsaapf4z.jpg?w=300\" alt=\"\" width=\"300\" height=\"159\" srcset=\"https:\/\/encuentroinformativo.com.mx\/wp-content\/uploads\/2020\/02\/emfrx7fwsaapf4z.jpg 680w, https:\/\/encuentroinformativo.com.mx\/wp-content\/uploads\/2020\/02\/emfrx7fwsaapf4z-300x159.jpg 300w\" sizes=\"auto, (max-width: 300px) 100vw, 300px\" \/><\/p>\n<p><strong>Dar\u00edo Pale<\/strong><\/p>\n<p>Xalapa, Ver.- Durante el Ciclo de Conferencias Magistrales del Gasto Federalizado, el titular de la Auditor\u00eda Superior de la Federaci\u00f3n (ASF), David Rogelio Colmenares P\u00e1ramo dio a conocer que no trabajar\u00e1n con estados que contraten despachos privados de forma externa.<\/p>\n<p>Durante su discurso en la inauguraci\u00f3n realizada en el IMAC, \u00a0asegur\u00f3 que en la ASF no contratan ni una sola auditor\u00eda de las mil 900 que realizaron el a\u00f1o pasado, y todas las hicieron con su personal que se encuentran capacitados y certificados.<\/p>\n<p>\u201cSon pocos los estados que no hayan utilizado despachos, Veracruz tengo la impresi\u00f3n que es de los que utilizaban m\u00e1s despachos y la verdad yo en lo personal conf\u00edo m\u00e1s en nuestra fuerza auditora que en contratar externos\u201d, se\u00f1al\u00f3.<\/p>\n<p>Coment\u00f3 que desde los Congresos Locales se impulsaba la contrataci\u00f3n de despachos, por lo que no trabajaran con auditor\u00edas estatales que utilicen instituciones privadas, ya que tienen todo el respaldo de la ASF para capacitar a auditores de estados.<\/p>\n<p>En otro orden de ideas dio a conocer que Veracruz es la zona fiscal que m\u00e1s recursos tiene en el pa\u00eds entre Oaxaca, Chiapas, Veracruz, Puebla.<\/p>\n<p>\u201cEs la tercera entidad m\u00e1s poblada del pa\u00eds esto significa un gran reto para la prestaci\u00f3n de los servicios p\u00fablicos para el ejercicio y distribuci\u00f3n de los recursos\u201d, coment\u00f3.<\/p>\n<p>Indic\u00f3 que en M\u00e9xico persiste el modelo centralista donde estados y municipios dependen de la trasferencia de recursos federales, aun cuando estos recursos son importantes se han mantenido pero son insuficientes para hacer frente para el desarrollo.<\/p>\n<p>Se\u00f1al\u00f3 que en los \u00faltimos 20 a 30 a\u00f1os ha evolucionado la fiscalizaci\u00f3n del gobierno federales y las entidades federativas<\/p>\n<p>\u201cExiste una gran dependencia de los recursos federales y es donde entramos nosotros a auditar (\u2026) la facultad exclusiva para auditar las aportaciones del gasto condicionado que recibe del gobierno federal y las participaciones que desde 2016 auditamos\u201d, se\u00f1al\u00f3 sobre las facultades de la ASF.<\/p>\n<p>Finalmente coment\u00f3 la necesidad de los estados en incrementar sus recursos mediante la recaudaci\u00f3n propia, como es el impuesto predial en los municipios y tambi\u00e9n habl\u00f3 que tienen una coordinaci\u00f3n con la Fiscal\u00eda General de la Rep\u00fablica, por lo que existen buenos resultados.<\/p>\n","protected":false},"excerpt":{"rendered":"<p>Dar\u00edo Pale Xalapa, Ver.- Durante el Ciclo de Conferencias Magistrales del Gasto Federalizado, el titular de la Auditor\u00eda Superior de la Federaci\u00f3n (ASF), David Rogelio Colmenares P\u00e1ramo dio a conocer que no trabajar\u00e1n con estados que contraten despachos privados de forma externa. Durante su discurso en la inauguraci\u00f3n realizada en el IMAC, \u00a0asegur\u00f3 que en [&hellip;]<\/p>\n","protected":false},"author":1,"featured_media":96,"comment_status":"open","ping_status":"open","sticky":false,"template":"","format":"standard","meta":{"_jetpack_memberships_contains_paid_content":false,"footnotes":""},"categories":[2],"tags":[],"class_list":["post-94","post","type-post","status-publish","format-standard","has-post-thumbnail","hentry","category-estado"],"jetpack_featured_media_url":"https:\/\/encuentroinformativo.com.mx\/wp-content\/uploads\/2020\/02\/emfrx7fwsaapf4z.jpg","jetpack_sharing_enabled":true,"jetpack_likes_enabled":true,"amp_enabled":true,"_links":{"self":[{"href":"https:\/\/encuentroinformativo.com.mx\/index.php?rest_route=\/wp\/v2\/posts\/94","targetHints":{"allow":["GET"]}}],"collection":[{"href":"https:\/\/encuentroinformativo.com.mx\/index.php?rest_route=\/wp\/v2\/posts"}],"about":[{"href":"https:\/\/encuentroinformativo.com.mx\/index.php?rest_route=\/wp\/v2\/types\/post"}],"author":[{"embeddable":true,"href":"https:\/\/encuentroinformativo.com.mx\/index.php?rest_route=\/wp\/v2\/users\/1"}],"replies":[{"embeddable":true,"href":"https:\/\/encuentroinformativo.com.mx\/index.php?rest_route=%2Fwp%2Fv2%2Fcomments&post=94"}],"version-history":[{"count":0,"href":"https:\/\/encuentroinformativo.com.mx\/index.php?rest_route=\/wp\/v2\/posts\/94\/revisions"}],"wp:featuredmedia":[{"embeddable":true,"href":"https:\/\/encuentroinformativo.com.mx\/index.php?rest_route=\/wp\/v2\/media\/96"}],"wp:attachment":[{"href":"https:\/\/encuentroinformativo.com.mx\/index.php?rest_route=%2Fwp%2Fv2%2Fmedia&parent=94"}],"wp:term":[{"taxonomy":"category","embeddable":true,"href":"https:\/\/encuentroinformativo.com.mx\/index.php?rest_route=%2Fwp%2Fv2%2Fcategories&post=94"},{"taxonomy":"post_tag","embeddable":true,"href":"https:\/\/encuentroinformativo.com.mx\/index.php?rest_route=%2Fwp%2Fv2%2Ftags&post=94"}],"curies":[{"name":"wp","href":"https:\/\/api.w.org\/{rel}","templated":true}]}}