{"id":9403,"date":"2020-12-23T10:42:22","date_gmt":"2020-12-23T16:42:22","guid":{"rendered":"https:\/\/encuentroinformativo.com.mx\/?p=9403"},"modified":"2020-12-23T10:42:25","modified_gmt":"2020-12-23T16:42:25","slug":"vecinos-de-paso-del-toro-siguen-en-espera-de-obras","status":"publish","type":"post","link":"https:\/\/encuentroinformativo.com.mx\/?p=9403","title":{"rendered":"Vecinos de Paso del Toro siguen en espera de obras"},"content":{"rendered":"\n<p><strong>Alejandro \u00c1vila<\/strong><\/p>\n\n\n\n<p>Medell\u00edn de Bravo, Ver.- Es evidente que las elecciones 2021 ya comenzaron y muchos aprovechan cada momento para subirse al ring y ganar adeptos con el candidato en turno, cada quien su \u201cchamba\u201d es verdad, el problema es cuando afectan a terceros y los terceros son los ciudadanos.<\/p>\n\n\n\n<p>Los vecinos de la colonia Los R\u00edos, perteneciente a la localidad de Paso del Toro en el municipio de Medell\u00edn de Bravo, llevan casi 20 a\u00f1os en el olvido, con sus calles de tierra, cada lluvia es un penar, pues no solo es un lodazar que afecta a estudiantes y trabajadores que salen a primera hora, ahora, ni siquiera los veh\u00edculos pueden acceder pues el camino es intransitable.<\/p>\n\n\n\n<p>Desde hace 20 a\u00f1os, cada a\u00f1o, antes de que el municipio entregara el Plan General de Inversi\u00f3n, acud\u00edan al Ayuntamiento para solicitar la reparaci\u00f3n, al menos del camino principal; vieron la luz, cuando a inicios del 2020 la regidora del Partido Verde Ecologista de M\u00e9xico (PVEM), Reina Esther Rodr\u00edguez sali\u00f3 a verles y les dijo \u201cyo les voy a ayudar\u201d.<\/p>\n\n\n\n<p>Parec\u00eda que finalmente su vida empezar\u00eda a cambiar, coment\u00f3 L\u00e1zaro Reyes Ventura, uno de los primeros que se asent\u00f3 en el lugar, pas\u00f3 casi un a\u00f1o y nunca m\u00e1s volvieron a ver a la edil a pesar de que la buscaron en par de ocasiones.<\/p>\n\n\n\n<p>Esta semana la Asociaci\u00f3n Civil \u201cMemo en Movimiento\u201d, quien conoc\u00eda del tema, decidi\u00f3 llevar maquinaria para mitigar un poco el problema, sobre todo ante los Frentes Fr\u00edos de los \u00faltimos d\u00edas que han tra\u00eddo un poco de lluvias; pero, como por arte de magia, antes de que los trabajadores comenzaran su labor, apareci\u00f3 la regidora del Verde Ecologista, Reina Esther Rodr\u00edguez, para detenerlo todo, bajo argumento de que da\u00f1ar\u00edan el medio ambiente.<\/p>\n\n\n\n<p>\u201cNo se puede transitar por el agua y los vidrios, a todos se nos iba a beneficiar, tiene como 20 a\u00f1os que estamos as\u00ed, era un bienestar para todos los que habitan la calle, el licenciado Memo si trajo la m\u00e1quina hoy y no se llev\u00f3 acabo porque la regidora, la se\u00f1ora Reina se opuso, porque dijo que al rebajar la tierra en esta calle ten\u00edan que tirar los \u00e1rboles, pero solo se solicit\u00f3 el emparejamiento, a ver si m\u00e1s adelante si se puede\u201d, lament\u00f3 Don L\u00e1zaro quien vio nuevamente truncado su sue\u00f1o de una mejora en su colonia.<\/p>\n\n\n\n<p>\u00a0Los vecinos se\u00f1alaron que esta situaci\u00f3n no se iba a quedar as\u00ed e iban a interponer su queja ante el alcalde de Medell\u00edn de Bravo, pues a ellos poco les importa que sea en esta ocasi\u00f3n el equipo de Movimiento Ciudadano quiera dar el apoyo a los colonos, ya que desde hace a\u00f1os han sido los \u00fanicos que s\u00ed estaba a punto de cumplir un compromiso con la gente.<\/p>\n\n\n\n<p>Finalmente, esperan que esto no se trate de una guerra entre partidos, pues se presume el ex alcalde Marcos Isle\u00f1o ser\u00eda nuevamente candidato, ahora por el Verde Ecologista, y con esta acci\u00f3n estar\u00eda truncando acciones de sus rivales, pero, se\u00f1alaron, lo \u00fanicos perjudicados son los pobladores.<\/p>\n","protected":false},"excerpt":{"rendered":"<p>Alejandro \u00c1vila Medell\u00edn de Bravo, Ver.- Es evidente que las elecciones 2021 ya comenzaron y muchos aprovechan cada momento para subirse al ring y ganar adeptos con el candidato en turno, cada quien su \u201cchamba\u201d es verdad, el problema es cuando afectan a terceros y los terceros son los ciudadanos. Los vecinos de la colonia [&hellip;]<\/p>\n","protected":false},"author":1,"featured_media":9404,"comment_status":"open","ping_status":"open","sticky":false,"template":"","format":"standard","meta":{"_jetpack_memberships_contains_paid_content":false,"footnotes":""},"categories":[2],"tags":[],"class_list":["post-9403","post","type-post","status-publish","format-standard","has-post-thumbnail","hentry","category-estado"],"jetpack_featured_media_url":"https:\/\/encuentroinformativo.com.mx\/wp-content\/uploads\/2020\/12\/FE595123-C4D3-4949-8687-1BBA473B6424.jpeg","jetpack_sharing_enabled":true,"jetpack_likes_enabled":true,"amp_enabled":true,"_links":{"self":[{"href":"https:\/\/encuentroinformativo.com.mx\/index.php?rest_route=\/wp\/v2\/posts\/9403","targetHints":{"allow":["GET"]}}],"collection":[{"href":"https:\/\/encuentroinformativo.com.mx\/index.php?rest_route=\/wp\/v2\/posts"}],"about":[{"href":"https:\/\/encuentroinformativo.com.mx\/index.php?rest_route=\/wp\/v2\/types\/post"}],"author":[{"embeddable":true,"href":"https:\/\/encuentroinformativo.com.mx\/index.php?rest_route=\/wp\/v2\/users\/1"}],"replies":[{"embeddable":true,"href":"https:\/\/encuentroinformativo.com.mx\/index.php?rest_route=%2Fwp%2Fv2%2Fcomments&post=9403"}],"version-history":[{"count":1,"href":"https:\/\/encuentroinformativo.com.mx\/index.php?rest_route=\/wp\/v2\/posts\/9403\/revisions"}],"predecessor-version":[{"id":9405,"href":"https:\/\/encuentroinformativo.com.mx\/index.php?rest_route=\/wp\/v2\/posts\/9403\/revisions\/9405"}],"wp:featuredmedia":[{"embeddable":true,"href":"https:\/\/encuentroinformativo.com.mx\/index.php?rest_route=\/wp\/v2\/media\/9404"}],"wp:attachment":[{"href":"https:\/\/encuentroinformativo.com.mx\/index.php?rest_route=%2Fwp%2Fv2%2Fmedia&parent=9403"}],"wp:term":[{"taxonomy":"category","embeddable":true,"href":"https:\/\/encuentroinformativo.com.mx\/index.php?rest_route=%2Fwp%2Fv2%2Fcategories&post=9403"},{"taxonomy":"post_tag","embeddable":true,"href":"https:\/\/encuentroinformativo.com.mx\/index.php?rest_route=%2Fwp%2Fv2%2Ftags&post=9403"}],"curies":[{"name":"wp","href":"https:\/\/api.w.org\/{rel}","templated":true}]}}