{"id":9406,"date":"2020-12-23T11:11:13","date_gmt":"2020-12-23T17:11:13","guid":{"rendered":"https:\/\/encuentroinformativo.com.mx\/?p=9406"},"modified":"2020-12-23T11:11:15","modified_gmt":"2020-12-23T17:11:15","slug":"urgen-activar-hospital-de-alvarado","status":"publish","type":"post","link":"https:\/\/encuentroinformativo.com.mx\/?p=9406","title":{"rendered":"Urgen activar hospital de Alvarado"},"content":{"rendered":"\n<p><strong>Alejandro \u00c1vila<\/strong><\/p>\n\n\n\n<p>Alvarado, Ver.- En estos momentos, el municipio de Alvarado tiene un registro de 331 casos confirmados de COVID-19, 41 sospechosos y 33 defunciones, sin embargo, todas las atenciones se tienen que dar en los Centros de Salud, los cuales no cuentan con los protocolos adecuados de atenci\u00f3n, o si el caso es grave, deben llevarlo a otro municipio.<\/p>\n\n\n\n<p>En septiembre de este a\u00f1o, alvarade\u00f1os alzaron la voz y pidieron al Gobierno del Estado activar el Hospital de Alvarado, pero no fueron escuchados, hoy, ante el miedo latente de un nuevo rebrote de COVID-19, piden ayuda.<\/p>\n\n\n\n<p>Cabe se\u00f1alar que este inmueble se construy\u00f3 hace poco m\u00e1s de cuatro a\u00f1os, durante la administraci\u00f3n de Javier Duarte de Ochoa, en el cual se invirtieron 25 millones de pesos y donde se prometi\u00f3 dar\u00edan atenci\u00f3n especializada en traumatolog\u00eda, pediatr\u00eda, ginecolog\u00eda y otras cirug\u00edas; pero nunca lleg\u00f3 el personal para poder trabajar, por lo que el espacio no fue abierto.<\/p>\n\n\n\n<p>En ese sentido, el alcalde Bogar Ruiz Rosas, volvi\u00f3 a lanzar el exhorto a la Secretar\u00eda de Salud y al gobernador Cuitl\u00e1huac Garc\u00eda Jim\u00e9nez, para que den auxilio a m\u00e1s de 60 mil habitantes de Alvarado.<\/p>\n\n\n\n<p>\u201cPedimos a gritos los alvarade\u00f1os un hospital digno, un hospital que nos ayude a resolver de manera inmediata la atenci\u00f3n y salvar muchas vidas de aqu\u00ed de Alvarado, eso de estar transportando a la gente a Veracruz, a Boca del R\u00edo, a Lerdo, y aqu\u00ed no tenemos nosotros, entonces es un auxilio, es un llamado al gobierno, en el buen sentido, y bueno, no es reproche ni nada pero recordarle que nosotros fuimos de los pocos Ayuntamientos que abiertamente lo apoyamos y que le dimos toda la confianza\u201d, remat\u00f3 el presidente municipal.<\/p>\n\n\n\n<p>Este inmueble que contaba con sala de rayo X, quir\u00f3fanos, cuneros, sala de expulsi\u00f3n y otras \u00e1reas de vital importancia para la salud de los alvarade\u00f1os, ha estado en espera de ser inaugurado, aunque, evidentemente, por el abandono, ha sufrido de da\u00f1os en su estructura.<\/p>\n","protected":false},"excerpt":{"rendered":"<p>Alejandro \u00c1vila Alvarado, Ver.- En estos momentos, el municipio de Alvarado tiene un registro de 331 casos confirmados de COVID-19, 41 sospechosos y 33 defunciones, sin embargo, todas las atenciones se tienen que dar en los Centros de Salud, los cuales no cuentan con los protocolos adecuados de atenci\u00f3n, o si el caso es grave, [&hellip;]<\/p>\n","protected":false},"author":1,"featured_media":9407,"comment_status":"open","ping_status":"open","sticky":false,"template":"","format":"standard","meta":{"_jetpack_memberships_contains_paid_content":false,"footnotes":""},"categories":[9],"tags":[],"class_list":["post-9406","post","type-post","status-publish","format-standard","has-post-thumbnail","hentry","category-salud"],"jetpack_featured_media_url":"https:\/\/encuentroinformativo.com.mx\/wp-content\/uploads\/2020\/12\/12609412-56B9-49E6-AC55-AF4BC7FE2D46.jpeg","jetpack_sharing_enabled":true,"jetpack_likes_enabled":true,"amp_enabled":true,"_links":{"self":[{"href":"https:\/\/encuentroinformativo.com.mx\/index.php?rest_route=\/wp\/v2\/posts\/9406","targetHints":{"allow":["GET"]}}],"collection":[{"href":"https:\/\/encuentroinformativo.com.mx\/index.php?rest_route=\/wp\/v2\/posts"}],"about":[{"href":"https:\/\/encuentroinformativo.com.mx\/index.php?rest_route=\/wp\/v2\/types\/post"}],"author":[{"embeddable":true,"href":"https:\/\/encuentroinformativo.com.mx\/index.php?rest_route=\/wp\/v2\/users\/1"}],"replies":[{"embeddable":true,"href":"https:\/\/encuentroinformativo.com.mx\/index.php?rest_route=%2Fwp%2Fv2%2Fcomments&post=9406"}],"version-history":[{"count":1,"href":"https:\/\/encuentroinformativo.com.mx\/index.php?rest_route=\/wp\/v2\/posts\/9406\/revisions"}],"predecessor-version":[{"id":9408,"href":"https:\/\/encuentroinformativo.com.mx\/index.php?rest_route=\/wp\/v2\/posts\/9406\/revisions\/9408"}],"wp:featuredmedia":[{"embeddable":true,"href":"https:\/\/encuentroinformativo.com.mx\/index.php?rest_route=\/wp\/v2\/media\/9407"}],"wp:attachment":[{"href":"https:\/\/encuentroinformativo.com.mx\/index.php?rest_route=%2Fwp%2Fv2%2Fmedia&parent=9406"}],"wp:term":[{"taxonomy":"category","embeddable":true,"href":"https:\/\/encuentroinformativo.com.mx\/index.php?rest_route=%2Fwp%2Fv2%2Fcategories&post=9406"},{"taxonomy":"post_tag","embeddable":true,"href":"https:\/\/encuentroinformativo.com.mx\/index.php?rest_route=%2Fwp%2Fv2%2Ftags&post=9406"}],"curies":[{"name":"wp","href":"https:\/\/api.w.org\/{rel}","templated":true}]}}