{"id":9410,"date":"2020-12-23T11:33:53","date_gmt":"2020-12-23T17:33:53","guid":{"rendered":"https:\/\/encuentroinformativo.com.mx\/?p=9410"},"modified":"2020-12-23T11:33:56","modified_gmt":"2020-12-23T17:33:56","slug":"ofrece-fuerza-por-mexico-espacio-para-jovenes-y-mujeres","status":"publish","type":"post","link":"https:\/\/encuentroinformativo.com.mx\/?p=9410","title":{"rendered":"Ofrece Fuerza por M\u00e9xico espacio para j\u00f3venes y mujeres"},"content":{"rendered":"\n<p><strong>Alejandro \u00c1vila<\/strong><\/p>\n\n\n\n<p>Veracruz, Ver.- Olvidados o mal valorados han sido las mujeres y los j\u00f3venes en la pol\u00edtica, a pesar de que Veracruz es pionero en la paridad de g\u00e9nero en los puestos de elecci\u00f3n popular, por tal motivo, el emergente partido pol\u00edtico Fuerza por M\u00e9xico se ha decantado por darles prioridad en espacios importantes como Comit\u00e9s Directivos Municipales o titularidad en candidaturas para el 2021.<\/p>\n\n\n\n<p>Apenas este martes, se logr\u00f3 concretar el Comit\u00e9 Directivo Municipal en Xalapa, con el cual logran el 160 en la entidad veracruzana, mientras que los 52 restantes quedar\u00e1n listos antes de que finalice el mes de enero.<\/p>\n\n\n\n<p>El dirigente de Fuerza por M\u00e9xico en Veracruz, Eduardo Vega Yunes, les tom\u00f3 protesta a Jorge Mart\u00ednez G\u00e1mez, como presidente; y Nataly Garc\u00eda Lozano, en la Secretar\u00eda General.<\/p>\n\n\n\n<p>\u201cEn Fuerza por M\u00e9xico Veracruz estamos muy contentos ya que vemos hecho una realidad lo que desde hace ya varios meses hemos venido trabajando con tanto entusiasmo, con tanto esfuerzo, de la mano de mujeres y j\u00f3venes principalmente (\u2026) que sean los pilares las mujeres y los j\u00f3venes, que vayamos con toda la fuerza y con todo el \u00edmpetu de querer construir y darle continuidad a este proyecto que empezamos hace m\u00e1s de un a\u00f1o\u201d, resalt\u00f3 Vega Yunes.<\/p>\n\n\n\n<p>Se estableci\u00f3 desde los estatutos del partido, que sean las mujeres y los j\u00f3venes los que abanderen \u00e9ste movimiento que busca una nueva forma de hacer pol\u00edtica, que represente los intereses de \u00e9stos sectores que hist\u00f3ricamente solo han sido utilizados por los partidos tradicionales.<\/p>\n","protected":false},"excerpt":{"rendered":"<p>Alejandro \u00c1vila Veracruz, Ver.- Olvidados o mal valorados han sido las mujeres y los j\u00f3venes en la pol\u00edtica, a pesar de que Veracruz es pionero en la paridad de g\u00e9nero en los puestos de elecci\u00f3n popular, por tal motivo, el emergente partido pol\u00edtico Fuerza por M\u00e9xico se ha decantado por darles prioridad en espacios importantes [&hellip;]<\/p>\n","protected":false},"author":1,"featured_media":9411,"comment_status":"open","ping_status":"open","sticky":false,"template":"","format":"standard","meta":{"_jetpack_memberships_contains_paid_content":false,"footnotes":""},"categories":[2],"tags":[],"class_list":["post-9410","post","type-post","status-publish","format-standard","has-post-thumbnail","hentry","category-estado"],"jetpack_featured_media_url":"https:\/\/encuentroinformativo.com.mx\/wp-content\/uploads\/2020\/12\/F57F9F50-4EA8-431E-BAB1-B09B6A203B8D.jpeg","jetpack_sharing_enabled":true,"jetpack_likes_enabled":true,"amp_enabled":true,"_links":{"self":[{"href":"https:\/\/encuentroinformativo.com.mx\/index.php?rest_route=\/wp\/v2\/posts\/9410","targetHints":{"allow":["GET"]}}],"collection":[{"href":"https:\/\/encuentroinformativo.com.mx\/index.php?rest_route=\/wp\/v2\/posts"}],"about":[{"href":"https:\/\/encuentroinformativo.com.mx\/index.php?rest_route=\/wp\/v2\/types\/post"}],"author":[{"embeddable":true,"href":"https:\/\/encuentroinformativo.com.mx\/index.php?rest_route=\/wp\/v2\/users\/1"}],"replies":[{"embeddable":true,"href":"https:\/\/encuentroinformativo.com.mx\/index.php?rest_route=%2Fwp%2Fv2%2Fcomments&post=9410"}],"version-history":[{"count":1,"href":"https:\/\/encuentroinformativo.com.mx\/index.php?rest_route=\/wp\/v2\/posts\/9410\/revisions"}],"predecessor-version":[{"id":9412,"href":"https:\/\/encuentroinformativo.com.mx\/index.php?rest_route=\/wp\/v2\/posts\/9410\/revisions\/9412"}],"wp:featuredmedia":[{"embeddable":true,"href":"https:\/\/encuentroinformativo.com.mx\/index.php?rest_route=\/wp\/v2\/media\/9411"}],"wp:attachment":[{"href":"https:\/\/encuentroinformativo.com.mx\/index.php?rest_route=%2Fwp%2Fv2%2Fmedia&parent=9410"}],"wp:term":[{"taxonomy":"category","embeddable":true,"href":"https:\/\/encuentroinformativo.com.mx\/index.php?rest_route=%2Fwp%2Fv2%2Fcategories&post=9410"},{"taxonomy":"post_tag","embeddable":true,"href":"https:\/\/encuentroinformativo.com.mx\/index.php?rest_route=%2Fwp%2Fv2%2Ftags&post=9410"}],"curies":[{"name":"wp","href":"https:\/\/api.w.org\/{rel}","templated":true}]}}