{"id":9430,"date":"2020-12-24T12:41:29","date_gmt":"2020-12-24T18:41:29","guid":{"rendered":"https:\/\/encuentroinformativo.com.mx\/?p=9430"},"modified":"2020-12-24T12:41:32","modified_gmt":"2020-12-24T18:41:32","slug":"nochebuena","status":"publish","type":"post","link":"https:\/\/encuentroinformativo.com.mx\/?p=9430","title":{"rendered":"Nochebuena"},"content":{"rendered":"\n<p><strong>N\u00fameros Rojos<\/strong><\/p>\n\n\n\n<p><strong>Brenda Caballero<\/strong><\/p>\n\n\n\n<p>Fue a finales de febrero cuando se present\u00f3 el primer caso de Covid-19 en M\u00e9xico. En marzo, la mayor\u00eda de los mexicanos empezamos a escuchar sobre el virus, c\u00f3mo cuidarnos y se puso de moda la sana distancia. Nos dijeron que ten\u00edamos que quedarnos en cuarentena, no salir de casa para evitar la propagaci\u00f3n. Las actividades econ\u00f3micas, las escolares, las sociales pararon. En principio, pensamos que esta pandemia (jam\u00e1s vista por algunas generaciones) terminar\u00eda pronto. A casi 10 meses vemos que no es as\u00ed. El virus lleg\u00f3 para quedarse, al igual que otros con los que a la fecha convivimos.<\/p>\n\n\n\n<p>Hemos visto amigos, compa\u00f1eros y familias completas perder la lucha ante el covid, pero tambi\u00e9n hemos conocido casos de recuperaci\u00f3n y hasta milagros en personas de m\u00e1s de 100 a\u00f1os.<\/p>\n\n\n\n<p>Sin duda, hemos tenido momentos de alegr\u00eda, tristeza y desesperaci\u00f3n ante el encierro. Hemos enojado, re\u00eddo y hasta llorado ante la incertidumbre y el confinamiento, pero \u00bfqu\u00e9 hemos aprendido de todo esto? Hoy que es Nochebuena, es un buen momento para reflexionar y hacernos esa pregunta. No trato de ser moralista, sino ver si esta pandemia nos ha cambiado en algo como especie humana.<\/p>\n\n\n\n<p>Ayer, siendo antesala de Navidad, me toc\u00f3 ver un conato de pelea en plena calle, entre un motociclista y un taxista. Los factores pueden ser muchos, desde el tr\u00e1fico hasta el estr\u00e9s por la misma pandemia. \u00bfHemos cambiado en algo?<\/p>\n\n\n\n<p>Un caso para analizar es ver que cuando piden las autoridades que nos quedemos en casa, hacemos todo lo contrario. Entiendo a las personas que tienen que salir a trabajar, pero no el ver a familias completas acudir a los centros comerciales para comprar regalos o para ir a comer.<\/p>\n\n\n\n<p>Apenas anteayer hab\u00eda pedido comida para llevar, y al recogerla, hab\u00eda familias enteras formadas para ingresar al lugar. Parec\u00eda que no est\u00e1bamos en pandemia, pues si no fuera por los cubrebocas y caretas de los meseros, el escenario me remontaba a un a\u00f1o atr\u00e1s, cuando todo era \u201cnormal\u201d. \u00bfAcaso es porque Veracruz est\u00e1 en amarillo? \u00bfO porque no tenemos empat\u00eda con los trabajadores del sector salud?<\/p>\n\n\n\n<p>Ahora bien, siempre he defendido que debemos promover nuestra econom\u00eda local, \u00bfpero eso implica arriesgar la salud de los comensales? Si bien el local ten\u00eda las medidas sanitarias a la vista, en realidad no se aplicaba eso del metro y medio entre comensal y comensal. Agregue a ello que todas las personas all\u00ed reunidas se encontraban sin cubrebocas.<\/p>\n\n\n\n<p>Veo un art\u00edculo donde el personal de salud est\u00e1 cansado, harto de ver a la poblaci\u00f3n que hace caso omiso. Incluso el informe de camas disponibles del Doctor Gatell no ha sido suficiente para mantenernos en casa, no entendemos.&nbsp;<\/p>\n\n\n\n<p>Las fiestas decembrinas han empeorado la situaci\u00f3n y sin ser alarmistas, las autoridades prev\u00e9n un aumento en los casos; sin embargo, no debemos perder la esperanza.<\/p>\n\n\n\n<p>El d\u00eda de ayer, como \u201cun rayito de esperanja\u201d, lleg\u00f3 el primer lote de vacunas de Pzifer. Son 3 mil de un mill\u00f3n que se espera sean entregadas en enero de 2021. Hoy empiezan a vacunar a los soldados de la primera l\u00ednea (los m\u00e9dicos) en una campa\u00f1a denominada Nochebuena.&nbsp;<\/p>\n\n\n\n<p>\u00bfQui\u00e9n se iba a imaginar que eso ser\u00eda la Nochebuena en M\u00e9xico? Por eso, m\u00e1s que cenar, brindar y darnos regalos, pensemos qu\u00e9 hemos aprendido durante este confinamiento y qu\u00e9 estamos dispuestos a hacer, porque para controlar el virus necesitamos m\u00e1s de lo que estamos haciendo.<\/p>\n\n\n\n<p>Desde este espacio les deseo Feliz Navidad y sobre todo que nunca perdamos la fe.<\/p>\n\n\n\n<p>@NumerosRojos_BC<\/p>\n\n\n\n<p><a href=\"mailto:caballero_brenda@hotmail.com\" target=\"_blank\" rel=\"noreferrer noopener\">caballero_brenda@hotmail.com<\/a><\/p>\n","protected":false},"excerpt":{"rendered":"<p>N\u00fameros Rojos Brenda Caballero Fue a finales de febrero cuando se present\u00f3 el primer caso de Covid-19 en M\u00e9xico. En marzo, la mayor\u00eda de los mexicanos empezamos a escuchar sobre el virus, c\u00f3mo cuidarnos y se puso de moda la sana distancia. Nos dijeron que ten\u00edamos que quedarnos en cuarentena, no salir de casa para [&hellip;]<\/p>\n","protected":false},"author":1,"featured_media":70,"comment_status":"open","ping_status":"open","sticky":false,"template":"","format":"standard","meta":{"_jetpack_memberships_contains_paid_content":false,"footnotes":""},"categories":[11],"tags":[],"class_list":["post-9430","post","type-post","status-publish","format-standard","has-post-thumbnail","hentry","category-opinion"],"jetpack_featured_media_url":"https:\/\/encuentroinformativo.com.mx\/wp-content\/uploads\/2020\/02\/opinion-invitado.jpg","jetpack_sharing_enabled":true,"jetpack_likes_enabled":true,"amp_enabled":true,"_links":{"self":[{"href":"https:\/\/encuentroinformativo.com.mx\/index.php?rest_route=\/wp\/v2\/posts\/9430","targetHints":{"allow":["GET"]}}],"collection":[{"href":"https:\/\/encuentroinformativo.com.mx\/index.php?rest_route=\/wp\/v2\/posts"}],"about":[{"href":"https:\/\/encuentroinformativo.com.mx\/index.php?rest_route=\/wp\/v2\/types\/post"}],"author":[{"embeddable":true,"href":"https:\/\/encuentroinformativo.com.mx\/index.php?rest_route=\/wp\/v2\/users\/1"}],"replies":[{"embeddable":true,"href":"https:\/\/encuentroinformativo.com.mx\/index.php?rest_route=%2Fwp%2Fv2%2Fcomments&post=9430"}],"version-history":[{"count":1,"href":"https:\/\/encuentroinformativo.com.mx\/index.php?rest_route=\/wp\/v2\/posts\/9430\/revisions"}],"predecessor-version":[{"id":9431,"href":"https:\/\/encuentroinformativo.com.mx\/index.php?rest_route=\/wp\/v2\/posts\/9430\/revisions\/9431"}],"wp:featuredmedia":[{"embeddable":true,"href":"https:\/\/encuentroinformativo.com.mx\/index.php?rest_route=\/wp\/v2\/media\/70"}],"wp:attachment":[{"href":"https:\/\/encuentroinformativo.com.mx\/index.php?rest_route=%2Fwp%2Fv2%2Fmedia&parent=9430"}],"wp:term":[{"taxonomy":"category","embeddable":true,"href":"https:\/\/encuentroinformativo.com.mx\/index.php?rest_route=%2Fwp%2Fv2%2Fcategories&post=9430"},{"taxonomy":"post_tag","embeddable":true,"href":"https:\/\/encuentroinformativo.com.mx\/index.php?rest_route=%2Fwp%2Fv2%2Ftags&post=9430"}],"curies":[{"name":"wp","href":"https:\/\/api.w.org\/{rel}","templated":true}]}}