{"id":9434,"date":"2020-12-24T13:58:02","date_gmt":"2020-12-24T19:58:02","guid":{"rendered":"https:\/\/encuentroinformativo.com.mx\/?p=9434"},"modified":"2020-12-24T15:21:51","modified_gmt":"2020-12-24T21:21:51","slug":"fuertes-vientos","status":"publish","type":"post","link":"https:\/\/encuentroinformativo.com.mx\/?p=9434","title":{"rendered":"Fuertes vientos&#8230;"},"content":{"rendered":"\n<p><strong>Juan Arcos <\/strong><\/p>\n\n\n\n<p>Xalapa, Ver.- Las fuertes rachas de viento derivadas del Frente Fr\u00edo n\u00famero 23 ocasionaron la ca\u00edda de \u00e1rboles, espectaculares, bardas y cables de energ\u00eda el\u00e9ctrica en la regi\u00f3n de la capital de Veracruz.<\/p>\n\n\n\n<p>De acuerdo con autoridades de Protecci\u00f3n Civil municipal, se tiene reporte de al menos 20 \u00e1rboles ca\u00eddos en la zona: 12 en Xalapa y ocho en Coatepec.<\/p>\n\n\n\n<p>El director de Protecci\u00f3n Civil en Xalapa, Jes\u00fas Vargas Hern\u00e1ndez, indic\u00f3 que recibi\u00f3 un total de 20 reportes por el viento de norte en la ciudad que, hasta el momento, ha dejado un saldo blanco este jueves 24 de diciembre.<\/p>\n\n\n\n<p>El funcionario municipal detall\u00f3 que se ha dado prioridad a la atenci\u00f3n de reportes donde las v\u00edas de comunicaci\u00f3n se vieron afectadas.<\/p>\n\n\n\n<p>La ca\u00edda de \u00e1rboles se registr\u00f3 sobre la avenida \u00c1vila Camacho esquina con la calle Francisco Moreno; en la calle 2 de la colonia Margarita Maza de Ju\u00e1rez; calle 5 de Febrero esquina Poeta Jes\u00fas D\u00edaz; avenida Araucarias entre calles Magnolia y Olmos; en Andador Noche Buena, colonia Lomas Verdes; en el Paseo de los Lagos esquina con la calle 13 de Septiembre, colonia Isleta.<\/p>\n\n\n\n<p>Tambi\u00e9n se atendi\u00f3 reporte de \u00e1rbol ca\u00eddo en la Cl\u00ednica 66 del Instituto Mexicano del Seguro Social (IMSS); en la calle Vicente Guerrero, congregaci\u00f3n El Castillo; en la calle Celaya entre P\u00edpila y Am\u00e9ricas, colonia Jos\u00e9 Cardel; en la calle Privada D, colonia Juan de la Luz Enr\u00edquez; sobre el circuito Presidentes esquina con la calle \u00c1ngel Carvajal, colonia Emiliano Zapata; y sobre la calle 1\u00ba de Mayo, casi esquina con la avenida Xalapa.<\/p>\n\n\n\n<p>El fuerte viento alcanz\u00f3 rachas de 80 kil\u00f3metros por hora y derrib\u00f3 una barda en el bulevar Europa esquina con la calle Jazm\u00edn; y un espectacular sobre la calle Bolivia esquina Nicaragua, colonia Francisco I. Madero.<\/p>\n\n\n\n<p>Adem\u00e1s, se atendi\u00f3 reporte de cables ca\u00eddos sobre la calle Carlos R. Smith de la colonia Campestre, una explosi\u00f3n de transformador sobre la avenida Tulipanes de la colonia Jardines de Xalapa y un llamado por brincol\u00edn atorado en azotea en la calle Ruiz Cortines de la colonia Obrero Campesina.<\/p>\n\n\n\n<p>Por su parte, el director de Protecci\u00f3n Civil en Coatepec, Luis Delf\u00edn Montan\u00e9, report\u00f3 la ca\u00edda de ocho \u00e1rboles en el Pueblo M\u00e1gico, ubicado a diez kil\u00f3metros de Xalapa.<\/p>\n\n\n\n<p>Refiri\u00f3 que en el camino vecinal hacia la congregaci\u00f3n Bella Esperanza una rama cay\u00f3 sobre un menor, quien result\u00f3 con lesiones leves y fue trasladado al hospital por sus mismos familiares.<\/p>\n\n\n\n<p>La ca\u00edda de \u00e1rboles ocurri\u00f3 en la localidad La Pitaya, fraccionamiento Pixquiac, colonia 22 de Septiembre, sobre la carretera con direcci\u00f3n a la comunidad Tuzamapan y algunas ramas sobre el bulevar Xalapa-Coatepec.<\/p>\n\n\n\n<p>Delf\u00edn Montan\u00e9 coment\u00f3 que se prev\u00e9n bajas temperaturas de hasta 7 grados cent\u00edgrados en la regi\u00f3n durante el amanecer del viernes 25 de diciembre, por lo que pidi\u00f3 a la poblaci\u00f3n atender las recomendaciones de las autoridades.<\/p>\n\n\n\n<p>Cabe recordar que la Secretar\u00eda de Protecci\u00f3n Civil (PC) activ\u00f3 la Alerta Gris en el estado de Veracruz por el Frente Fr\u00edo n\u00famero 23 y evento de norte con rachas de 100 hasta 120 kil\u00f3metros por hora en zona costera, heladas en zonas monta\u00f1osas y lluvias en cuencas de la zona sur de la entidad.<\/p>\n\n\n\n<figure class=\"wp-block-image size-large\"><img loading=\"lazy\" decoding=\"async\" width=\"750\" height=\"1000\" src=\"https:\/\/encuentroinformativo.com.mx\/wp-content\/uploads\/2020\/12\/4727F0E6-2C44-413A-A0C5-EFEA98261E53.jpeg\" alt=\"\" class=\"wp-image-9435\" srcset=\"https:\/\/encuentroinformativo.com.mx\/wp-content\/uploads\/2020\/12\/4727F0E6-2C44-413A-A0C5-EFEA98261E53.jpeg 750w, https:\/\/encuentroinformativo.com.mx\/wp-content\/uploads\/2020\/12\/4727F0E6-2C44-413A-A0C5-EFEA98261E53-225x300.jpeg 225w\" sizes=\"auto, (max-width: 750px) 100vw, 750px\" \/><\/figure>\n\n\n\n<p><br><br><\/p>\n","protected":false},"excerpt":{"rendered":"<p>Juan Arcos Xalapa, Ver.- Las fuertes rachas de viento derivadas del Frente Fr\u00edo n\u00famero 23 ocasionaron la ca\u00edda de \u00e1rboles, espectaculares, bardas y cables de energ\u00eda el\u00e9ctrica en la regi\u00f3n de la capital de Veracruz. De acuerdo con autoridades de Protecci\u00f3n Civil municipal, se tiene reporte de al menos 20 \u00e1rboles ca\u00eddos en la zona: [&hellip;]<\/p>\n","protected":false},"author":1,"featured_media":9436,"comment_status":"open","ping_status":"open","sticky":false,"template":"","format":"standard","meta":{"_jetpack_memberships_contains_paid_content":false,"footnotes":""},"categories":[3],"tags":[],"class_list":["post-9434","post","type-post","status-publish","format-standard","has-post-thumbnail","hentry","category-xalapa"],"jetpack_featured_media_url":"https:\/\/encuentroinformativo.com.mx\/wp-content\/uploads\/2020\/12\/799786A5-AAC7-4ACF-B39F-51CD22F8D7BF.jpeg","jetpack_sharing_enabled":true,"jetpack_likes_enabled":true,"amp_enabled":true,"_links":{"self":[{"href":"https:\/\/encuentroinformativo.com.mx\/index.php?rest_route=\/wp\/v2\/posts\/9434","targetHints":{"allow":["GET"]}}],"collection":[{"href":"https:\/\/encuentroinformativo.com.mx\/index.php?rest_route=\/wp\/v2\/posts"}],"about":[{"href":"https:\/\/encuentroinformativo.com.mx\/index.php?rest_route=\/wp\/v2\/types\/post"}],"author":[{"embeddable":true,"href":"https:\/\/encuentroinformativo.com.mx\/index.php?rest_route=\/wp\/v2\/users\/1"}],"replies":[{"embeddable":true,"href":"https:\/\/encuentroinformativo.com.mx\/index.php?rest_route=%2Fwp%2Fv2%2Fcomments&post=9434"}],"version-history":[{"count":2,"href":"https:\/\/encuentroinformativo.com.mx\/index.php?rest_route=\/wp\/v2\/posts\/9434\/revisions"}],"predecessor-version":[{"id":9444,"href":"https:\/\/encuentroinformativo.com.mx\/index.php?rest_route=\/wp\/v2\/posts\/9434\/revisions\/9444"}],"wp:featuredmedia":[{"embeddable":true,"href":"https:\/\/encuentroinformativo.com.mx\/index.php?rest_route=\/wp\/v2\/media\/9436"}],"wp:attachment":[{"href":"https:\/\/encuentroinformativo.com.mx\/index.php?rest_route=%2Fwp%2Fv2%2Fmedia&parent=9434"}],"wp:term":[{"taxonomy":"category","embeddable":true,"href":"https:\/\/encuentroinformativo.com.mx\/index.php?rest_route=%2Fwp%2Fv2%2Fcategories&post=9434"},{"taxonomy":"post_tag","embeddable":true,"href":"https:\/\/encuentroinformativo.com.mx\/index.php?rest_route=%2Fwp%2Fv2%2Ftags&post=9434"}],"curies":[{"name":"wp","href":"https:\/\/api.w.org\/{rel}","templated":true}]}}