{"id":944,"date":"2020-03-15T14:59:56","date_gmt":"2020-03-15T20:59:56","guid":{"rendered":"https:\/\/encuentroinformativo.com\/?p=944"},"modified":"2020-03-15T14:59:59","modified_gmt":"2020-03-15T20:59:59","slug":"sev-conoce-2-denuncias-por-acoso-en-escuelas-normales","status":"publish","type":"post","link":"https:\/\/encuentroinformativo.com.mx\/?p=944","title":{"rendered":"SEV conoce 2 denuncias por acoso en escuelas normales"},"content":{"rendered":"\n<p><strong>Juan Arcos <\/strong><\/p>\n\n\n\n<p>Xalapa, Ver.- S\u00f3lo existen dos procesos legales por casos de acoso sexual en escuelas normales del estado de Veracruz.<\/p>\n\n\n\n<p>As\u00ed lo dio a conocer la directora de Educaci\u00f3n Normal de la Secretar\u00eda de Educaci\u00f3n de Veracruz (SEV), Mar\u00eda Cristina Lara Bada, quien a\u00f1adi\u00f3 que fueron presentadas dos denuncias por parte de las alumnas.<\/p>\n\n\n\n<p>Se trata de una denuncia penal que fue interpuesta ante la Fiscal\u00eda General del Estado (FGE) y otra presentada en el Departamento Jur\u00eddico de la SEV.<\/p>\n\n\n\n<p>Uno de los casos se registr\u00f3 en la Benem\u00e9rita Escuela Normal Veracruzana (BENV) \u201cEnrique C. Rebsamen\u201d.<\/p>\n\n\n\n<p>\u201cEn la parte judicial se ha levantado un procedimiento y por el lado laboral tambi\u00e9n se est\u00e1 armando el expediente, entonces siguen su curso estos procedimientos\u201d.<\/p>\n\n\n\n<p>La funcionaria estatal prefiri\u00f3 no mencionar el nombre de la otra escuela normal donde se da seguimiento a otro caso de acoso sexual.<\/p>\n\n\n\n<p>\u201cEstamos teniendo s\u00f3lo un expediente en otra normal y la idea es que se le d\u00e9 seguimiento, se apliquen c\u00f3mo deben de aplicarse, obviamente hay acercamientos iniciales y estamos aprendiendo a hacerlo bien\u201d.<\/p>\n\n\n\n<p>En ese sentido, Lara Bada refiri\u00f3 que en cada procedimiento se busca proteger los derechos tanto de la v\u00edctima como del victimario.<\/p>\n\n\n\n<p><\/p>\n","protected":false},"excerpt":{"rendered":"<p>Juan Arcos Xalapa, Ver.- S\u00f3lo existen dos procesos legales por casos de acoso sexual en escuelas normales del estado de Veracruz. As\u00ed lo dio a conocer la directora de Educaci\u00f3n Normal de la Secretar\u00eda de Educaci\u00f3n de Veracruz (SEV), Mar\u00eda Cristina Lara Bada, quien a\u00f1adi\u00f3 que fueron presentadas dos denuncias por parte de las alumnas. [&hellip;]<\/p>\n","protected":false},"author":1,"featured_media":768,"comment_status":"open","ping_status":"open","sticky":false,"template":"","format":"standard","meta":{"_jetpack_memberships_contains_paid_content":false,"footnotes":""},"categories":[3],"tags":[],"class_list":["post-944","post","type-post","status-publish","format-standard","has-post-thumbnail","hentry","category-xalapa"],"jetpack_featured_media_url":"https:\/\/encuentroinformativo.com.mx\/wp-content\/uploads\/2020\/03\/E184202C-B63A-454A-A50E-4419FD23ECBD.jpeg","jetpack_sharing_enabled":true,"jetpack_likes_enabled":true,"amp_enabled":true,"_links":{"self":[{"href":"https:\/\/encuentroinformativo.com.mx\/index.php?rest_route=\/wp\/v2\/posts\/944","targetHints":{"allow":["GET"]}}],"collection":[{"href":"https:\/\/encuentroinformativo.com.mx\/index.php?rest_route=\/wp\/v2\/posts"}],"about":[{"href":"https:\/\/encuentroinformativo.com.mx\/index.php?rest_route=\/wp\/v2\/types\/post"}],"author":[{"embeddable":true,"href":"https:\/\/encuentroinformativo.com.mx\/index.php?rest_route=\/wp\/v2\/users\/1"}],"replies":[{"embeddable":true,"href":"https:\/\/encuentroinformativo.com.mx\/index.php?rest_route=%2Fwp%2Fv2%2Fcomments&post=944"}],"version-history":[{"count":1,"href":"https:\/\/encuentroinformativo.com.mx\/index.php?rest_route=\/wp\/v2\/posts\/944\/revisions"}],"predecessor-version":[{"id":945,"href":"https:\/\/encuentroinformativo.com.mx\/index.php?rest_route=\/wp\/v2\/posts\/944\/revisions\/945"}],"wp:featuredmedia":[{"embeddable":true,"href":"https:\/\/encuentroinformativo.com.mx\/index.php?rest_route=\/wp\/v2\/media\/768"}],"wp:attachment":[{"href":"https:\/\/encuentroinformativo.com.mx\/index.php?rest_route=%2Fwp%2Fv2%2Fmedia&parent=944"}],"wp:term":[{"taxonomy":"category","embeddable":true,"href":"https:\/\/encuentroinformativo.com.mx\/index.php?rest_route=%2Fwp%2Fv2%2Fcategories&post=944"},{"taxonomy":"post_tag","embeddable":true,"href":"https:\/\/encuentroinformativo.com.mx\/index.php?rest_route=%2Fwp%2Fv2%2Ftags&post=944"}],"curies":[{"name":"wp","href":"https:\/\/api.w.org\/{rel}","templated":true}]}}