{"id":9474,"date":"2020-12-27T21:19:44","date_gmt":"2020-12-28T03:19:44","guid":{"rendered":"https:\/\/encuentroinformativo.com.mx\/?p=9474"},"modified":"2020-12-27T21:20:16","modified_gmt":"2020-12-28T03:20:16","slug":"motociclista-se-impacto-contra-taxi-en-el-modelo","status":"publish","type":"post","link":"https:\/\/encuentroinformativo.com.mx\/?p=9474","title":{"rendered":"Motociclista se impact\u00f3 contra taxi en El Modelo"},"content":{"rendered":"\n<p>Cd. Cardel, La Antigua, Ver.- La tarde noche de este domingo se registr\u00f3 un fuerte accidente en la carretera estatal Cardel &#8211; \u00darsulo Galv\u00e1n a la altura de una conocida cerrajer\u00eda en la colonia  El modelo.<\/p>\n\n\n\n<p>El percance fue de frente entre un taxi de la localidad Cardel marcado con el n\u00famero economico 26 del sitio del IMSS  y un motociclista que conducia una moto italika dm 250.<\/p>\n\n\n\n<p>De acuerdo a los testigos y automovilistas que se encontraban en el lugar el motociclista ven\u00eda rebasando en sentido contrario y se estampo en la parte lateral izquierda del taxi da\u00f1ando la unidad de alquiler y lesionando leve a su conductor.<\/p>\n\n\n\n<p><strong>Fotos: <\/strong>Cortes\u00eda <\/p>\n\n\n\n<figure class=\"wp-block-image size-large\"><img loading=\"lazy\" decoding=\"async\" width=\"584\" height=\"715\" src=\"https:\/\/encuentroinformativo.com.mx\/wp-content\/uploads\/2020\/12\/96E906DA-ED6B-4A5B-8F15-84D58207EDB9.jpeg\" alt=\"\" class=\"wp-image-9476\" srcset=\"https:\/\/encuentroinformativo.com.mx\/wp-content\/uploads\/2020\/12\/96E906DA-ED6B-4A5B-8F15-84D58207EDB9.jpeg 584w, https:\/\/encuentroinformativo.com.mx\/wp-content\/uploads\/2020\/12\/96E906DA-ED6B-4A5B-8F15-84D58207EDB9-245x300.jpeg 245w\" sizes=\"auto, (max-width: 584px) 100vw, 584px\" \/><\/figure>\n","protected":false},"excerpt":{"rendered":"<p>Cd. Cardel, La Antigua, Ver.- La tarde noche de este domingo se registr\u00f3 un fuerte accidente en la carretera estatal Cardel &#8211; \u00darsulo Galv\u00e1n a la altura de una conocida cerrajer\u00eda en la colonia El modelo. El percance fue de frente entre un taxi de la localidad Cardel marcado con el n\u00famero economico 26 del [&hellip;]<\/p>\n","protected":false},"author":1,"featured_media":9475,"comment_status":"open","ping_status":"open","sticky":false,"template":"","format":"standard","meta":{"_jetpack_memberships_contains_paid_content":false,"footnotes":""},"categories":[14],"tags":[],"class_list":["post-9474","post","type-post","status-publish","format-standard","has-post-thumbnail","hentry","category-policiaca"],"jetpack_featured_media_url":"https:\/\/encuentroinformativo.com.mx\/wp-content\/uploads\/2020\/12\/9AAFF96B-62BB-4EF7-8A03-55F7FEB94255.jpeg","jetpack_sharing_enabled":true,"jetpack_likes_enabled":true,"amp_enabled":true,"_links":{"self":[{"href":"https:\/\/encuentroinformativo.com.mx\/index.php?rest_route=\/wp\/v2\/posts\/9474","targetHints":{"allow":["GET"]}}],"collection":[{"href":"https:\/\/encuentroinformativo.com.mx\/index.php?rest_route=\/wp\/v2\/posts"}],"about":[{"href":"https:\/\/encuentroinformativo.com.mx\/index.php?rest_route=\/wp\/v2\/types\/post"}],"author":[{"embeddable":true,"href":"https:\/\/encuentroinformativo.com.mx\/index.php?rest_route=\/wp\/v2\/users\/1"}],"replies":[{"embeddable":true,"href":"https:\/\/encuentroinformativo.com.mx\/index.php?rest_route=%2Fwp%2Fv2%2Fcomments&post=9474"}],"version-history":[{"count":1,"href":"https:\/\/encuentroinformativo.com.mx\/index.php?rest_route=\/wp\/v2\/posts\/9474\/revisions"}],"predecessor-version":[{"id":9477,"href":"https:\/\/encuentroinformativo.com.mx\/index.php?rest_route=\/wp\/v2\/posts\/9474\/revisions\/9477"}],"wp:featuredmedia":[{"embeddable":true,"href":"https:\/\/encuentroinformativo.com.mx\/index.php?rest_route=\/wp\/v2\/media\/9475"}],"wp:attachment":[{"href":"https:\/\/encuentroinformativo.com.mx\/index.php?rest_route=%2Fwp%2Fv2%2Fmedia&parent=9474"}],"wp:term":[{"taxonomy":"category","embeddable":true,"href":"https:\/\/encuentroinformativo.com.mx\/index.php?rest_route=%2Fwp%2Fv2%2Fcategories&post=9474"},{"taxonomy":"post_tag","embeddable":true,"href":"https:\/\/encuentroinformativo.com.mx\/index.php?rest_route=%2Fwp%2Fv2%2Ftags&post=9474"}],"curies":[{"name":"wp","href":"https:\/\/api.w.org\/{rel}","templated":true}]}}