{"id":9487,"date":"2020-12-28T14:12:54","date_gmt":"2020-12-28T20:12:54","guid":{"rendered":"https:\/\/encuentroinformativo.com.mx\/?p=9487"},"modified":"2020-12-28T14:12:56","modified_gmt":"2020-12-28T20:12:56","slug":"se-localizaron-nuevas-fosas-clandestinas-este-ano-aguilera-landeta","status":"publish","type":"post","link":"https:\/\/encuentroinformativo.com.mx\/?p=9487","title":{"rendered":"Se localizaron nuevas fosas clandestinas este a\u00f1o: Aguilera Landeta"},"content":{"rendered":"\n<p><strong>Juan Arcos <\/strong><\/p>\n\n\n\n<p>Xalapa, Ver.- Dos nuevas fosas clandestinas fueron halladas durante este a\u00f1o en el estado de Veracruz, revel\u00f3 la titular de la Fiscal\u00eda de Investigaciones Ministeriales, Marcela Aguilera Landeta.<\/p>\n\n\n\n<p>Los cementerios, donde miembros del crimen organizado inhumaban a sus v\u00edctimas, se encuentran en el municipio de Playa Vicente, ubicado al sur de la entidad, una zona donde es notoria la presencia del grupo criminal conocido como \u201cLos Pi\u00f1as\u201d, que est\u00e1 vinculado al C\u00e1rtel Jalisco Nueva Generaci\u00f3n (CJNG).<\/p>\n\n\n\n<p>\u201cNuevos son los de Playa Vicente (fosas clandestinas), se podr\u00eda decir, ya se hizo un plan de intervenci\u00f3n y ser\u00e1 en 2021 la b\u00fasqueda de estas fosas, se puede decir que son dos fosas nuevas que aparecieron en este a\u00f1o 2020\u201d, expres\u00f3 la funcionaria estatal.\u00a0<\/p>\n\n\n\n<p>La entrevistada indic\u00f3 que se ha trabajado de manera coordinada con colectivos de familiares de desaparecidos para realizar b\u00fasquedas en La Gallera, municipio de Tihuatl\u00e1n; en La Guapota, municipio de \u00darsulo Galvan; tambi\u00e9n en predios de Arbolillo y La Laguna, municipio de Alvarado.<\/p>\n\n\n\n<p>Detall\u00f3 que la Fiscal\u00eda General del Estado de Veracruz inici\u00f3 este a\u00f1o los trabajos para la construcci\u00f3n de la Unidad Integral de Servicios M\u00e9dicos Forenses en Nogales, municipio ubicado en la zona de las altas monta\u00f1as de la entidad, para agilizar la identificaci\u00f3n de restos humanos.<\/p>\n\n\n\n<p>En dicho lugar se contar\u00e1 tambi\u00e9n con una base de datos estatal en materia forense y ADN que permitir\u00e1 la identificaci\u00f3n oportuna de v\u00edctimas.<\/p>\n\n\n\n<p>Aguilera Landeta asever\u00f3 que con este Centro de Identificaci\u00f3n Humana se agilizar\u00e1 la entrega de cuerpos que no han sido identificados.<\/p>\n\n\n\n<p>\u201cLa identificaci\u00f3n la lleva Servicios Periciales pero estamos trabajando en eso\u201d, a\u00f1adi\u00f3 la Fiscal de Investigaciones Ministeriales.<\/p>\n","protected":false},"excerpt":{"rendered":"<p>Juan Arcos Xalapa, Ver.- Dos nuevas fosas clandestinas fueron halladas durante este a\u00f1o en el estado de Veracruz, revel\u00f3 la titular de la Fiscal\u00eda de Investigaciones Ministeriales, Marcela Aguilera Landeta. Los cementerios, donde miembros del crimen organizado inhumaban a sus v\u00edctimas, se encuentran en el municipio de Playa Vicente, ubicado al sur de la entidad, [&hellip;]<\/p>\n","protected":false},"author":1,"featured_media":9488,"comment_status":"open","ping_status":"open","sticky":false,"template":"","format":"standard","meta":{"_jetpack_memberships_contains_paid_content":false,"footnotes":""},"categories":[2],"tags":[],"class_list":["post-9487","post","type-post","status-publish","format-standard","has-post-thumbnail","hentry","category-estado"],"jetpack_featured_media_url":"https:\/\/encuentroinformativo.com.mx\/wp-content\/uploads\/2020\/12\/16D2EFC2-BB7A-452E-9218-F2668DBBD013.jpeg","jetpack_sharing_enabled":true,"jetpack_likes_enabled":true,"amp_enabled":true,"_links":{"self":[{"href":"https:\/\/encuentroinformativo.com.mx\/index.php?rest_route=\/wp\/v2\/posts\/9487","targetHints":{"allow":["GET"]}}],"collection":[{"href":"https:\/\/encuentroinformativo.com.mx\/index.php?rest_route=\/wp\/v2\/posts"}],"about":[{"href":"https:\/\/encuentroinformativo.com.mx\/index.php?rest_route=\/wp\/v2\/types\/post"}],"author":[{"embeddable":true,"href":"https:\/\/encuentroinformativo.com.mx\/index.php?rest_route=\/wp\/v2\/users\/1"}],"replies":[{"embeddable":true,"href":"https:\/\/encuentroinformativo.com.mx\/index.php?rest_route=%2Fwp%2Fv2%2Fcomments&post=9487"}],"version-history":[{"count":1,"href":"https:\/\/encuentroinformativo.com.mx\/index.php?rest_route=\/wp\/v2\/posts\/9487\/revisions"}],"predecessor-version":[{"id":9489,"href":"https:\/\/encuentroinformativo.com.mx\/index.php?rest_route=\/wp\/v2\/posts\/9487\/revisions\/9489"}],"wp:featuredmedia":[{"embeddable":true,"href":"https:\/\/encuentroinformativo.com.mx\/index.php?rest_route=\/wp\/v2\/media\/9488"}],"wp:attachment":[{"href":"https:\/\/encuentroinformativo.com.mx\/index.php?rest_route=%2Fwp%2Fv2%2Fmedia&parent=9487"}],"wp:term":[{"taxonomy":"category","embeddable":true,"href":"https:\/\/encuentroinformativo.com.mx\/index.php?rest_route=%2Fwp%2Fv2%2Fcategories&post=9487"},{"taxonomy":"post_tag","embeddable":true,"href":"https:\/\/encuentroinformativo.com.mx\/index.php?rest_route=%2Fwp%2Fv2%2Ftags&post=9487"}],"curies":[{"name":"wp","href":"https:\/\/api.w.org\/{rel}","templated":true}]}}