{"id":949,"date":"2020-03-15T15:52:34","date_gmt":"2020-03-15T21:52:34","guid":{"rendered":"https:\/\/encuentroinformativo.com\/?p=949"},"modified":"2020-03-15T15:52:37","modified_gmt":"2020-03-15T21:52:37","slug":"familiares-denuncian-desaparicion-de-promotor-de-asociacion-civil","status":"publish","type":"post","link":"https:\/\/encuentroinformativo.com.mx\/?p=949","title":{"rendered":"Familiares denuncian desaparici\u00f3n de promotor de asociaci\u00f3n civil"},"content":{"rendered":"\n<p><strong>Juan Arcos <\/strong><\/p>\n\n\n\n<p>Xalapa, Ver.- El 12 de marzo desapareci\u00f3 Francisco Carmona Oliveros, confirmaron sus familiares.<\/p>\n\n\n\n<p>Poco antes de esto, \u00e9l hab\u00eda externado a sus familiares que ten\u00eda temor por haber recibido una llamada telef\u00f3nica donde lo amenazaron de muerte.<\/p>\n\n\n\n<p>Su esposa present\u00f3 la denuncia en la Fiscal\u00eda General del Estado (FGE), para que sea investigado el caso.<\/p>\n\n\n\n<p>\u00c9l es presidente del Grupo Impulsor de Desarrollo Social. C\u00f3mo parte de sus actividades, efectuaba gestiones en beneficio de las colonias del puerto de Veracruz.<\/p>\n\n\n\n<p>A las 3:47 horas mand\u00f3 un mensaje a su esposa para avisarle que saldr\u00eda de Veracruz hacia Xalapa.<\/p>\n\n\n\n<p>Los familiares consideran que ese mensaje no fue enviado por Paco Carmona, como era m\u00e1s conocido.<\/p>\n\n\n\n<p>\u201c\u00c9l en la madrugada no maneja\u201d, comentaron.<\/p>\n\n\n\n<p>Carmona Oliveros acostumbraba viajar de una ciudad a otra entre las 6:00 y 7:00 horas.<\/p>\n\n\n\n<p>Cabe mencionar que las autoridades ya realizan acciones de b\u00fasqueda para localizarlo.<\/p>\n\n\n\n<p><\/p>\n","protected":false},"excerpt":{"rendered":"<p>Juan Arcos Xalapa, Ver.- El 12 de marzo desapareci\u00f3 Francisco Carmona Oliveros, confirmaron sus familiares. Poco antes de esto, \u00e9l hab\u00eda externado a sus familiares que ten\u00eda temor por haber recibido una llamada telef\u00f3nica donde lo amenazaron de muerte. Su esposa present\u00f3 la denuncia en la Fiscal\u00eda General del Estado (FGE), para que sea investigado [&hellip;]<\/p>\n","protected":false},"author":1,"featured_media":950,"comment_status":"open","ping_status":"open","sticky":false,"template":"","format":"standard","meta":{"_jetpack_memberships_contains_paid_content":false,"footnotes":""},"categories":[2],"tags":[],"class_list":["post-949","post","type-post","status-publish","format-standard","has-post-thumbnail","hentry","category-estado"],"jetpack_featured_media_url":"https:\/\/encuentroinformativo.com.mx\/wp-content\/uploads\/2020\/03\/6441FA9F-D548-4AE2-9174-496AC5683F98.jpeg","jetpack_sharing_enabled":true,"jetpack_likes_enabled":true,"amp_enabled":true,"_links":{"self":[{"href":"https:\/\/encuentroinformativo.com.mx\/index.php?rest_route=\/wp\/v2\/posts\/949","targetHints":{"allow":["GET"]}}],"collection":[{"href":"https:\/\/encuentroinformativo.com.mx\/index.php?rest_route=\/wp\/v2\/posts"}],"about":[{"href":"https:\/\/encuentroinformativo.com.mx\/index.php?rest_route=\/wp\/v2\/types\/post"}],"author":[{"embeddable":true,"href":"https:\/\/encuentroinformativo.com.mx\/index.php?rest_route=\/wp\/v2\/users\/1"}],"replies":[{"embeddable":true,"href":"https:\/\/encuentroinformativo.com.mx\/index.php?rest_route=%2Fwp%2Fv2%2Fcomments&post=949"}],"version-history":[{"count":1,"href":"https:\/\/encuentroinformativo.com.mx\/index.php?rest_route=\/wp\/v2\/posts\/949\/revisions"}],"predecessor-version":[{"id":951,"href":"https:\/\/encuentroinformativo.com.mx\/index.php?rest_route=\/wp\/v2\/posts\/949\/revisions\/951"}],"wp:featuredmedia":[{"embeddable":true,"href":"https:\/\/encuentroinformativo.com.mx\/index.php?rest_route=\/wp\/v2\/media\/950"}],"wp:attachment":[{"href":"https:\/\/encuentroinformativo.com.mx\/index.php?rest_route=%2Fwp%2Fv2%2Fmedia&parent=949"}],"wp:term":[{"taxonomy":"category","embeddable":true,"href":"https:\/\/encuentroinformativo.com.mx\/index.php?rest_route=%2Fwp%2Fv2%2Fcategories&post=949"},{"taxonomy":"post_tag","embeddable":true,"href":"https:\/\/encuentroinformativo.com.mx\/index.php?rest_route=%2Fwp%2Fv2%2Ftags&post=949"}],"curies":[{"name":"wp","href":"https:\/\/api.w.org\/{rel}","templated":true}]}}