{"id":9496,"date":"2020-12-28T15:16:58","date_gmt":"2020-12-28T21:16:58","guid":{"rendered":"https:\/\/encuentroinformativo.com.mx\/?p=9496"},"modified":"2020-12-28T15:17:01","modified_gmt":"2020-12-28T21:17:01","slug":"autoridades-presentan-discrepancia-en-cifras-de-delitos-y-personas-desaparecidas","status":"publish","type":"post","link":"https:\/\/encuentroinformativo.com.mx\/?p=9496","title":{"rendered":"Autoridades presentan discrepancia en cifras de delitos y personas desaparecidas"},"content":{"rendered":"\n<p><strong>Dar\u00edo Pale <\/strong><\/p>\n\n\n\n<p>Xalapa, Ver.- Existe una &#8220;discrepancia&#8221; entre el discurso oficial del Gobierno y la Fiscal\u00eda General del Estado respecto de la disminuci\u00f3n de los delitos, contra el incremento real de desaparecidos cada d\u00eda y cada mes, as\u00ed lo se\u00f1al\u00f3 la\u00a0integrante del Consejo Estatal Ciudadano de la Comisi\u00f3n Estatal de B\u00fasqueda de Personas Desaparecidas, Ana\u00eds Palacios.<\/p>\n\n\n\n<p>Entrevistada en las calles del centro de la ciudad dio a conocer que,\u00a0&#8220;vemos como una discrepancia entre el discurso que habla de que se ha disminuido el delito, de que se han desarticulado bandas de criminales, entre otros, cuando a la par vemos un incremento significativo en las desapariciones de personas, que tambi\u00e9n hay un discurso de que hay un porcentaje de \u00e9xito mayor al cien por ciento&#8221;.<\/p>\n\n\n\n<p>Sin embargo, opin\u00f3 que dichas expresiones oficiales deben ser acordes a la situaci\u00f3n real en general, si no, no se puede hablar de \u00e9xito.<\/p>\n\n\n\n<p>Ana\u00eds Palacios opin\u00f3 que en general todo esfuerzo ha sido insuficiente porque cada d\u00eda, cada mes, se ve un n\u00famero mayor de boletines de personas desaparecidas, por\u00a0ello, recalc\u00f3 que a la par de hablar de los avances de las instituciones que s\u00ed atienden y que tienen mayores presupuestos, se debe hablar de la prevenci\u00f3n.<\/p>\n\n\n\n<p>Lo anterior tras la informaci\u00f3n que dio a conocer la titular de la Comisi\u00f3n Estatal de B\u00fasqueda, Brenda Cer\u00f3n, en el sentido de que de las m\u00e1s de mil 200 personas desaparecidas en 2020,\u00a0 m\u00e1s de 800 fueron localizadas; consider\u00f3 que \u00e9sta podr\u00eda estar informando sobre reportes de otros a\u00f1os, de larga data.<\/p>\n\n\n\n<p>&#8220;Puede ser que este recuperando mucha de esa informaci\u00f3n que corresponda a a\u00f1os anteriores y eso creo que es importante tomar en consideraci\u00f3n porque est\u00e1n ocurriendo desapariciones actualmente, de muchos menores de edad, de mujeres j\u00f3venes, que tambi\u00e9n hay casos de larga data y en esos casos siguen manifestando que no hay avances&#8221;, reproch\u00f3.<\/p>\n\n\n\n<p>Reconoci\u00f3 que puede ser que s\u00ed haya avances, pero consider\u00f3 que se debe informar de qu\u00e9 temporalidad est\u00e1 hablando Cer\u00f3n y no sea un &#8220;desfile&#8221; de cifras exitosas, porque hay familiares de v\u00edctimas que no pertenecen a ning\u00fan colectivo que siguen haciendo las mismas demandas de 2011, 2012, entre otros.<\/p>\n\n\n\n<p>&#8220;Esas cifras hay que analizarlas a la luz de la realidad y en ese sentido, no podr\u00eda responder porque acompa\u00f1amos algunos de los casos. No tenemos el universo de las desapariciones, pero estamos tratando de sistematizar todos los boletines que son p\u00fablicos, pero que es una realidad desoladora en materia de desaparici\u00f3n, tambi\u00e9n hay que reconocer que hay una parte que se est\u00e1 haciendo, pero que es insuficiente&#8221;, finaliz\u00f3.<\/p>\n","protected":false},"excerpt":{"rendered":"<p>Dar\u00edo Pale Xalapa, Ver.- Existe una &#8220;discrepancia&#8221; entre el discurso oficial del Gobierno y la Fiscal\u00eda General del Estado respecto de la disminuci\u00f3n de los delitos, contra el incremento real de desaparecidos cada d\u00eda y cada mes, as\u00ed lo se\u00f1al\u00f3 la\u00a0integrante del Consejo Estatal Ciudadano de la Comisi\u00f3n Estatal de B\u00fasqueda de Personas Desaparecidas, Ana\u00eds [&hellip;]<\/p>\n","protected":false},"author":1,"featured_media":9497,"comment_status":"open","ping_status":"open","sticky":false,"template":"","format":"standard","meta":{"_jetpack_memberships_contains_paid_content":false,"footnotes":""},"categories":[2],"tags":[],"class_list":["post-9496","post","type-post","status-publish","format-standard","has-post-thumbnail","hentry","category-estado"],"jetpack_featured_media_url":"https:\/\/encuentroinformativo.com.mx\/wp-content\/uploads\/2020\/12\/EFB5055E-3F7E-4274-AC29-D70BD2C59A21.jpeg","jetpack_sharing_enabled":true,"jetpack_likes_enabled":true,"amp_enabled":true,"_links":{"self":[{"href":"https:\/\/encuentroinformativo.com.mx\/index.php?rest_route=\/wp\/v2\/posts\/9496","targetHints":{"allow":["GET"]}}],"collection":[{"href":"https:\/\/encuentroinformativo.com.mx\/index.php?rest_route=\/wp\/v2\/posts"}],"about":[{"href":"https:\/\/encuentroinformativo.com.mx\/index.php?rest_route=\/wp\/v2\/types\/post"}],"author":[{"embeddable":true,"href":"https:\/\/encuentroinformativo.com.mx\/index.php?rest_route=\/wp\/v2\/users\/1"}],"replies":[{"embeddable":true,"href":"https:\/\/encuentroinformativo.com.mx\/index.php?rest_route=%2Fwp%2Fv2%2Fcomments&post=9496"}],"version-history":[{"count":1,"href":"https:\/\/encuentroinformativo.com.mx\/index.php?rest_route=\/wp\/v2\/posts\/9496\/revisions"}],"predecessor-version":[{"id":9498,"href":"https:\/\/encuentroinformativo.com.mx\/index.php?rest_route=\/wp\/v2\/posts\/9496\/revisions\/9498"}],"wp:featuredmedia":[{"embeddable":true,"href":"https:\/\/encuentroinformativo.com.mx\/index.php?rest_route=\/wp\/v2\/media\/9497"}],"wp:attachment":[{"href":"https:\/\/encuentroinformativo.com.mx\/index.php?rest_route=%2Fwp%2Fv2%2Fmedia&parent=9496"}],"wp:term":[{"taxonomy":"category","embeddable":true,"href":"https:\/\/encuentroinformativo.com.mx\/index.php?rest_route=%2Fwp%2Fv2%2Fcategories&post=9496"},{"taxonomy":"post_tag","embeddable":true,"href":"https:\/\/encuentroinformativo.com.mx\/index.php?rest_route=%2Fwp%2Fv2%2Ftags&post=9496"}],"curies":[{"name":"wp","href":"https:\/\/api.w.org\/{rel}","templated":true}]}}