{"id":9505,"date":"2020-12-29T01:56:54","date_gmt":"2020-12-29T07:56:54","guid":{"rendered":"https:\/\/encuentroinformativo.com.mx\/?p=9505"},"modified":"2020-12-29T01:56:57","modified_gmt":"2020-12-29T07:56:57","slug":"taxista-murio-prensado-en-paso-del-cedro","status":"publish","type":"post","link":"https:\/\/encuentroinformativo.com.mx\/?p=9505","title":{"rendered":"Taxista muri\u00f3 prensado en Paso del Cedro"},"content":{"rendered":"\n<p>Actopan, Ver.- La noche de este lunes se registr\u00f3 un fuerte accidente sobre la carretera federal 180 a la altura de la localidad de Paso del Cedro, donde el conductor de un taxi de la regi\u00f3n de Veracruz perdi\u00f3 la vida. <\/p>\n\n\n\n<p>De acuerdo a los reportes de las autoridades el conductor de la unidad 7713 de Veracruz puerto perdi\u00f3 la vida, mientras que su esposa quien viajaba con \u00e9l fue trasladada al hospital m\u00e1s cercano para recibir atenci\u00f3n m\u00e9dica, la unidad fue impactada por otro veh\u00edculo particular en el tramo conocido como Ca\u00f1o Gallegos.<\/p>\n\n\n\n<p><\/p>\n","protected":false},"excerpt":{"rendered":"<p>Actopan, Ver.- La noche de este lunes se registr\u00f3 un fuerte accidente sobre la carretera federal 180 a la altura de la localidad de Paso del Cedro, donde el conductor de un taxi de la regi\u00f3n de Veracruz perdi\u00f3 la vida. De acuerdo a los reportes de las autoridades el conductor de la unidad 7713 [&hellip;]<\/p>\n","protected":false},"author":1,"featured_media":9506,"comment_status":"open","ping_status":"open","sticky":false,"template":"","format":"standard","meta":{"_jetpack_memberships_contains_paid_content":false,"footnotes":""},"categories":[8],"tags":[],"class_list":["post-9505","post","type-post","status-publish","format-standard","has-post-thumbnail","hentry","category-region"],"jetpack_featured_media_url":"https:\/\/encuentroinformativo.com.mx\/wp-content\/uploads\/2020\/12\/EC958E3D-476D-4B47-90E1-C8346FC16BC6.jpeg","jetpack_sharing_enabled":true,"jetpack_likes_enabled":true,"amp_enabled":true,"_links":{"self":[{"href":"https:\/\/encuentroinformativo.com.mx\/index.php?rest_route=\/wp\/v2\/posts\/9505","targetHints":{"allow":["GET"]}}],"collection":[{"href":"https:\/\/encuentroinformativo.com.mx\/index.php?rest_route=\/wp\/v2\/posts"}],"about":[{"href":"https:\/\/encuentroinformativo.com.mx\/index.php?rest_route=\/wp\/v2\/types\/post"}],"author":[{"embeddable":true,"href":"https:\/\/encuentroinformativo.com.mx\/index.php?rest_route=\/wp\/v2\/users\/1"}],"replies":[{"embeddable":true,"href":"https:\/\/encuentroinformativo.com.mx\/index.php?rest_route=%2Fwp%2Fv2%2Fcomments&post=9505"}],"version-history":[{"count":1,"href":"https:\/\/encuentroinformativo.com.mx\/index.php?rest_route=\/wp\/v2\/posts\/9505\/revisions"}],"predecessor-version":[{"id":9507,"href":"https:\/\/encuentroinformativo.com.mx\/index.php?rest_route=\/wp\/v2\/posts\/9505\/revisions\/9507"}],"wp:featuredmedia":[{"embeddable":true,"href":"https:\/\/encuentroinformativo.com.mx\/index.php?rest_route=\/wp\/v2\/media\/9506"}],"wp:attachment":[{"href":"https:\/\/encuentroinformativo.com.mx\/index.php?rest_route=%2Fwp%2Fv2%2Fmedia&parent=9505"}],"wp:term":[{"taxonomy":"category","embeddable":true,"href":"https:\/\/encuentroinformativo.com.mx\/index.php?rest_route=%2Fwp%2Fv2%2Fcategories&post=9505"},{"taxonomy":"post_tag","embeddable":true,"href":"https:\/\/encuentroinformativo.com.mx\/index.php?rest_route=%2Fwp%2Fv2%2Ftags&post=9505"}],"curies":[{"name":"wp","href":"https:\/\/api.w.org\/{rel}","templated":true}]}}