{"id":9508,"date":"2020-12-29T11:32:06","date_gmt":"2020-12-29T17:32:06","guid":{"rendered":"https:\/\/encuentroinformativo.com.mx\/?p=9508"},"modified":"2020-12-29T11:32:08","modified_gmt":"2020-12-29T17:32:08","slug":"proceso-electoral-y-pandemia","status":"publish","type":"post","link":"https:\/\/encuentroinformativo.com.mx\/?p=9508","title":{"rendered":"Proceso Electoral y Pandemia"},"content":{"rendered":"\n<p><strong>Columna de Opini\u00f3n <\/strong><\/p>\n\n\n\n<p><strong>Juan Manuel S\u00e1nchez Mac\u00edas<\/strong><\/p>\n\n\n\n<p>Ante esta segunda oleada (ya se habla de la tercera, para marzo) de contagios del coronavirus que, desgraciadamente va en aumento, surgen grandes y preocupantes cuestionamientos e inquietudes.&nbsp;<\/p>\n\n\n\n<p>En primer lugar, qu\u00e9 va a pasar con los actos de precampa\u00f1a y de campa\u00f1a que, por m\u00faltiples medidas de seguridad sanitaria que se tomen, requieren de un m\u00ednimo de presencia f\u00edsica en los locales, inmuebles o plazas, en los que se vayan a realizar. S\u00ed, sabemos que, con todo y vacuna, que ya se empieza a distribuir en varios pa\u00edses, el distanciamiento social y el aislamiento en los hogares han sido, en todo el mundo, las medidas m\u00e1s eficaces para evitar el contagio masivo. A\u00fan con la vacuna, seamos realistas, M\u00e9xico no tiene el potencial de los pa\u00edses ricos, que la acaparar\u00e1n; estamos hablando de que en M\u00e9xico se llevar\u00e1 entre uno y dos a\u00f1os para vacunar a la mayor\u00eda de su poblaci\u00f3n (mientras tanto, seamos sinceros, seguir\u00e1 creciendo el n\u00famero de muertes por esta terrible enfermedad). Quiero ver la madurez de los partidos pol\u00edticos y de sus candidatos para dise\u00f1ar estrategias en pro, no s\u00f3lo del voto, sino de la salud de los miembros de la sociedad, para realizar sus eventos proselitistas.<\/p>\n\n\n\n<p>Por otro lado, las crisis econ\u00f3mica y sanitaria que vivimos actualmente en M\u00e9xico son alarmantes. \u00bfVeremos nuevamente, como cada tres a\u00f1os, las calles inundadas de propaganda electoral? En d\u00edas pasados ve\u00eda en la Ciudad de M\u00e9xico un anuncio sanitario que, palabras m\u00e1s, palabras menos, dec\u00eda: \u201cSi est\u00e1s leyendo este anuncio, quiere decir que no est\u00e1s en tu casa; no salgas, cu\u00eddate y cuida a los tuyos\u201d. Es cierto, que las actividades econ\u00f3micas se tienen que activar; pero, es cierto tambi\u00e9n que el actual proceso electoral no est\u00e1 para pensar en grandes eventos masivos, a\u00fan con cubrebocas. Ojal\u00e1 los actores pol\u00edticos est\u00e9n conscientes de ello\u2026 se habla de echar mano de las redes sociales para las campa\u00f1as electorales, esto ya se lleva a cabo y la experiencia ha demostrado que los eventos masivos en materia electoral siguen siendo el elemento fuerte de la contienda electoral.<\/p>\n\n\n\n<p>Por si fuera poco, en d\u00edas pasados particip\u00e9 en un coloquio sobre los retos de las pr\u00f3ximas elecciones, organizado por la Benem\u00e9rita Universidad de Oaxaca, \u00bfen el que uno de los participantes planteaba la disyuntiva de \u201cqu\u00e9 pasar\u00eda si llegamos al d\u00eda de la jornada electoral con sem\u00e1foro rojo? \u00bfqu\u00e9 se privilegiar\u00eda, el voto de la ciudadan\u00eda o su salud? Evidentemente, rogamos fervientemente para que eso no suceda y creo, en lo personal, que no se dar\u00e1 ese escenario, pero, insisto, la interrogante es: \u00bfqu\u00e9 estrategias se est\u00e1n dise\u00f1ando por parte de los actores pol\u00edticos, ya sean partidos, coaliciones precandidatos, candidatos y, el propio &nbsp;gobierno, para enfrentar este posible surgimiento de cuestiones electorales ante una pandemia, que nos ha devastado?<\/p>\n","protected":false},"excerpt":{"rendered":"<p>Columna de Opini\u00f3n Juan Manuel S\u00e1nchez Mac\u00edas Ante esta segunda oleada (ya se habla de la tercera, para marzo) de contagios del coronavirus que, desgraciadamente va en aumento, surgen grandes y preocupantes cuestionamientos e inquietudes.&nbsp; En primer lugar, qu\u00e9 va a pasar con los actos de precampa\u00f1a y de campa\u00f1a que, por m\u00faltiples medidas de [&hellip;]<\/p>\n","protected":false},"author":1,"featured_media":70,"comment_status":"open","ping_status":"open","sticky":false,"template":"","format":"standard","meta":{"_jetpack_memberships_contains_paid_content":false,"footnotes":""},"categories":[11],"tags":[],"class_list":["post-9508","post","type-post","status-publish","format-standard","has-post-thumbnail","hentry","category-opinion"],"jetpack_featured_media_url":"https:\/\/encuentroinformativo.com.mx\/wp-content\/uploads\/2020\/02\/opinion-invitado.jpg","jetpack_sharing_enabled":true,"jetpack_likes_enabled":true,"amp_enabled":true,"_links":{"self":[{"href":"https:\/\/encuentroinformativo.com.mx\/index.php?rest_route=\/wp\/v2\/posts\/9508","targetHints":{"allow":["GET"]}}],"collection":[{"href":"https:\/\/encuentroinformativo.com.mx\/index.php?rest_route=\/wp\/v2\/posts"}],"about":[{"href":"https:\/\/encuentroinformativo.com.mx\/index.php?rest_route=\/wp\/v2\/types\/post"}],"author":[{"embeddable":true,"href":"https:\/\/encuentroinformativo.com.mx\/index.php?rest_route=\/wp\/v2\/users\/1"}],"replies":[{"embeddable":true,"href":"https:\/\/encuentroinformativo.com.mx\/index.php?rest_route=%2Fwp%2Fv2%2Fcomments&post=9508"}],"version-history":[{"count":1,"href":"https:\/\/encuentroinformativo.com.mx\/index.php?rest_route=\/wp\/v2\/posts\/9508\/revisions"}],"predecessor-version":[{"id":9509,"href":"https:\/\/encuentroinformativo.com.mx\/index.php?rest_route=\/wp\/v2\/posts\/9508\/revisions\/9509"}],"wp:featuredmedia":[{"embeddable":true,"href":"https:\/\/encuentroinformativo.com.mx\/index.php?rest_route=\/wp\/v2\/media\/70"}],"wp:attachment":[{"href":"https:\/\/encuentroinformativo.com.mx\/index.php?rest_route=%2Fwp%2Fv2%2Fmedia&parent=9508"}],"wp:term":[{"taxonomy":"category","embeddable":true,"href":"https:\/\/encuentroinformativo.com.mx\/index.php?rest_route=%2Fwp%2Fv2%2Fcategories&post=9508"},{"taxonomy":"post_tag","embeddable":true,"href":"https:\/\/encuentroinformativo.com.mx\/index.php?rest_route=%2Fwp%2Fv2%2Ftags&post=9508"}],"curies":[{"name":"wp","href":"https:\/\/api.w.org\/{rel}","templated":true}]}}