{"id":9513,"date":"2020-12-29T12:58:54","date_gmt":"2020-12-29T18:58:54","guid":{"rendered":"https:\/\/encuentroinformativo.com.mx\/?p=9513"},"modified":"2020-12-29T12:58:56","modified_gmt":"2020-12-29T18:58:56","slug":"confirma-pt-competiran-solos-en-proceso-local","status":"publish","type":"post","link":"https:\/\/encuentroinformativo.com.mx\/?p=9513","title":{"rendered":"Confirma PT, competir\u00e1n \u201csolos\u201d en proceso local"},"content":{"rendered":"\n<p><strong>Dar\u00edo Pale <\/strong><\/p>\n\n\n\n<p>Xalapa, Ver.- El\u00a0coordinador de la Comisi\u00f3n Ejecutiva Estatal del Partido del Trabajo\u00a0(PT), Vicente Aguilar Aguilar, confirm\u00f3 que ese instituto pol\u00edtico competir\u00e1 solo en las pr\u00f3ximas elecciones en alcald\u00edas y diputaciones locales en el estado de Veracruz, ya que a nivel nacional no les dejaron ni un solo candidato a las diputaciones federales.<\/p>\n\n\n\n<p>Sostuvo que con ello medir\u00e1n la fuerza del PT pues es un partido que est\u00e1 restructurado con m\u00e1s de 180 direcciones municipales lo que los hace sentir fortalecidos, adem\u00e1s de\u00a0que la direcci\u00f3n estatal en la entidad est\u00e1 molesta porque no fue tomado en cuenta su instituto pol\u00edtico para ninguna diputaci\u00f3n federal y opt\u00f3 y vot\u00f3 por ir solos en las elecciones del pr\u00f3ximo 6 de junio.<\/p>\n\n\n\n<p>\u201cSiempre que hemos ido solos, nos va mejor, entonces nosotros tenemos que obedecer el mandato de la direcci\u00f3n estando reunido el comisionado Ram\u00f3n D\u00edaz y su servidor, la votaci\u00f3n fue as\u00ed que mejor vamos solos\u201d, dijo.<\/p>\n\n\n\n<p>Remarc\u00f3 que, dado que el PT no tiene diputados federales porque se pasaron a Morena, no fueron considerados para competir por esos cargos en los siguientes comicios,\u00a0\u201cson nuestros amigos, pero por intereses generales o particulares est\u00e1n en Morena, esa es la argumentaci\u00f3n y hay que reconocer que en otros estados al PT les tocaron muchas candidaturas federales pero la direcci\u00f3n estatal se sinti\u00f3\u201d.<\/p>\n\n\n\n<p>Destac\u00f3 que el PT tiene fuerza en diversos municipios como Nanchital, J\u00e1ltipan, Texistepec, Sayula, Isla, Lerdo de Tejado, Zongolica y la zona de Cosamaloapan, as\u00ed como en el centro de la entidad, no obstante aclar\u00f3\u00a0que la alianza federal sigue intacta con Morena y el Partido Verde Ecologista de M\u00e9xico (PVEM) por lo que descart\u00f3 que pudieron ir con otros partidos como Acci\u00f3n Nacional.<\/p>\n\n\n\n<p>Afirm\u00f3 que aunque rectificar\u00e1n y les pidieran volver a sumarse, no lo har\u00e1n, en todo caso har\u00edan alianzas parciales, expres\u00f3 que de \u00e9sta manera el Partido podr\u00e1 ver c\u00f3mo est\u00e1n sus cuadros, ya que est\u00e1n reci\u00e9n estructurados, cuentan con m\u00e1s de 110 direcciones municipales, as\u00ed como el comit\u00e9 reci\u00e9n estructurados.<\/p>\n\n\n\n<p>&#8220;Nos sentimos fortalecidos y reconocidos tambi\u00e9n de que cuando vamos solos, nos va bien&#8221;, subray\u00f3.<\/p>\n\n\n\n<p>El l\u00edder partidista asegur\u00f3 que &#8220;los morenos&#8221; son amigos del PT y no pasa nada por el agandalle de las diputaciones federales y lo que tratar\u00e1n de hacer es un pacto de no ataque entre ellos.<\/p>\n\n\n\n<p>Defini\u00f3 que el 28 de enero ser\u00e1 la fecha l\u00edmite para establecer de manera oficial el tema de la alianza, posteriormente sabr\u00e1n si har\u00e1n precampa\u00f1as.<\/p>\n\n\n\n<p>Revel\u00f3 que el exalcalde pri\u00edsta de Perote y exsubsecretario de Desarrollo Econ\u00f3mico con Miguel \u00c1ngel Yunes Linares; Paul Mart\u00ednez Mari\u00e9, quiere ser candidato a la diputaci\u00f3n local.<\/p>\n\n\n\n<p>&#8220;\u00c9l es mi amigo de muchos a\u00f1os, ya le dije que le doy 15 d\u00edas cuando m\u00e1s para que se decida, quiere la diputaci\u00f3n, tiene sus dudas, pero ser\u00eda una buena aportaci\u00f3n para el Partido del Trabajo. Me est\u00e1 pidiendo, que en caso de que fuera el aspirante, que fuera con PT-Morena, si no, tendr\u00e1 que jugar solo para la diputaci\u00f3n local&#8221;, finaliz\u00f3.<\/p>\n","protected":false},"excerpt":{"rendered":"<p>Dar\u00edo Pale Xalapa, Ver.- El\u00a0coordinador de la Comisi\u00f3n Ejecutiva Estatal del Partido del Trabajo\u00a0(PT), Vicente Aguilar Aguilar, confirm\u00f3 que ese instituto pol\u00edtico competir\u00e1 solo en las pr\u00f3ximas elecciones en alcald\u00edas y diputaciones locales en el estado de Veracruz, ya que a nivel nacional no les dejaron ni un solo candidato a las diputaciones federales. Sostuvo [&hellip;]<\/p>\n","protected":false},"author":1,"featured_media":9514,"comment_status":"open","ping_status":"open","sticky":false,"template":"","format":"standard","meta":{"_jetpack_memberships_contains_paid_content":false,"footnotes":""},"categories":[2],"tags":[],"class_list":["post-9513","post","type-post","status-publish","format-standard","has-post-thumbnail","hentry","category-estado"],"jetpack_featured_media_url":"https:\/\/encuentroinformativo.com.mx\/wp-content\/uploads\/2020\/12\/71418800-F298-4328-9196-BE20A0701412.jpeg","jetpack_sharing_enabled":true,"jetpack_likes_enabled":true,"amp_enabled":true,"_links":{"self":[{"href":"https:\/\/encuentroinformativo.com.mx\/index.php?rest_route=\/wp\/v2\/posts\/9513","targetHints":{"allow":["GET"]}}],"collection":[{"href":"https:\/\/encuentroinformativo.com.mx\/index.php?rest_route=\/wp\/v2\/posts"}],"about":[{"href":"https:\/\/encuentroinformativo.com.mx\/index.php?rest_route=\/wp\/v2\/types\/post"}],"author":[{"embeddable":true,"href":"https:\/\/encuentroinformativo.com.mx\/index.php?rest_route=\/wp\/v2\/users\/1"}],"replies":[{"embeddable":true,"href":"https:\/\/encuentroinformativo.com.mx\/index.php?rest_route=%2Fwp%2Fv2%2Fcomments&post=9513"}],"version-history":[{"count":1,"href":"https:\/\/encuentroinformativo.com.mx\/index.php?rest_route=\/wp\/v2\/posts\/9513\/revisions"}],"predecessor-version":[{"id":9515,"href":"https:\/\/encuentroinformativo.com.mx\/index.php?rest_route=\/wp\/v2\/posts\/9513\/revisions\/9515"}],"wp:featuredmedia":[{"embeddable":true,"href":"https:\/\/encuentroinformativo.com.mx\/index.php?rest_route=\/wp\/v2\/media\/9514"}],"wp:attachment":[{"href":"https:\/\/encuentroinformativo.com.mx\/index.php?rest_route=%2Fwp%2Fv2%2Fmedia&parent=9513"}],"wp:term":[{"taxonomy":"category","embeddable":true,"href":"https:\/\/encuentroinformativo.com.mx\/index.php?rest_route=%2Fwp%2Fv2%2Fcategories&post=9513"},{"taxonomy":"post_tag","embeddable":true,"href":"https:\/\/encuentroinformativo.com.mx\/index.php?rest_route=%2Fwp%2Fv2%2Ftags&post=9513"}],"curies":[{"name":"wp","href":"https:\/\/api.w.org\/{rel}","templated":true}]}}