{"id":9524,"date":"2020-12-29T15:15:48","date_gmt":"2020-12-29T21:15:48","guid":{"rendered":"https:\/\/encuentroinformativo.com.mx\/?p=9524"},"modified":"2020-12-29T15:15:50","modified_gmt":"2020-12-29T21:15:50","slug":"bajo-demanda-en-uso-de-temazcales","status":"publish","type":"post","link":"https:\/\/encuentroinformativo.com.mx\/?p=9524","title":{"rendered":"Baj\u00f3 demanda en uso de temazcales"},"content":{"rendered":"\n<p><strong>Juan Arcos <\/strong><\/p>\n\n\n\n<p>Coatepec, Ver.- Propietarios del \u201cTemazcal Kolibr\u00ed\u201d revelaron que la demanda de visitantes baj\u00f3 50 por ciento por la pandemia del SARS-COV-2 (COVID-19).<\/p>\n\n\n\n<p>De acuerdo con Sergio Cortina Landa, representante de este lugar, dicha situaci\u00f3n fue notoria desde marzo pasado, debido a la emergencia sanitaria.<\/p>\n\n\n\n<p>\u201cTuvimos una baja de personas que llegaron a solicitar el servicio de temazcal. Tambi\u00e9n hay una ense\u00f1anza, hay pl\u00e1ticas de sabidur\u00eda, pr\u00f3ximamente habr\u00e1 conferencias sobre lo que es la medicina tradicional\u201d.<\/p>\n\n\n\n<p>El entrevistado indic\u00f3 que la demanda en el temazcal hab\u00eda sido notoria, toda vez que es considerado una parte importante en materia de la medicina tradicional.<\/p>\n\n\n\n<p>\u201cSe ha perdido en gran parte de M\u00e9xico la medicina tradicional, nosotros tambi\u00e9n venimos tratando de ense\u00f1ar lo que es la medicina tradicional\u201d.<\/p>\n\n\n\n<p>El a\u00f1o pasado se recibieron a tantas personas que los propietarios hab\u00edan contemplado abrir otro temazcal, para atender a todos los visitantes.<\/p>\n\n\n\n<p>\u201cYa tuvimos visitantes de Per\u00fa, tambi\u00e9n de Estados Unidos. El proyecto se est\u00e1 sumando a m\u00e1s y debido al crecimiento que se ha tenido estamos buscando m\u00e1s proyecci\u00f3n\u201d.<\/p>\n\n\n\n<p>Dicho temazcal se encuentra en el rancho El Pedregal, ubicado en la localidad Cinco Palos, municipio de Coatepec, mismo que est\u00e1 abierto al p\u00fablico desde hace cinco a\u00f1os.<\/p>\n","protected":false},"excerpt":{"rendered":"<p>Juan Arcos Coatepec, Ver.- Propietarios del \u201cTemazcal Kolibr\u00ed\u201d revelaron que la demanda de visitantes baj\u00f3 50 por ciento por la pandemia del SARS-COV-2 (COVID-19). De acuerdo con Sergio Cortina Landa, representante de este lugar, dicha situaci\u00f3n fue notoria desde marzo pasado, debido a la emergencia sanitaria. \u201cTuvimos una baja de personas que llegaron a solicitar [&hellip;]<\/p>\n","protected":false},"author":1,"featured_media":9525,"comment_status":"open","ping_status":"open","sticky":false,"template":"","format":"standard","meta":{"_jetpack_memberships_contains_paid_content":false,"footnotes":""},"categories":[8],"tags":[],"class_list":["post-9524","post","type-post","status-publish","format-standard","has-post-thumbnail","hentry","category-region"],"jetpack_featured_media_url":"https:\/\/encuentroinformativo.com.mx\/wp-content\/uploads\/2020\/12\/65B2C5E4-9EDE-4EF6-8EFE-1567949FB3CB.jpeg","jetpack_sharing_enabled":true,"jetpack_likes_enabled":true,"amp_enabled":true,"_links":{"self":[{"href":"https:\/\/encuentroinformativo.com.mx\/index.php?rest_route=\/wp\/v2\/posts\/9524","targetHints":{"allow":["GET"]}}],"collection":[{"href":"https:\/\/encuentroinformativo.com.mx\/index.php?rest_route=\/wp\/v2\/posts"}],"about":[{"href":"https:\/\/encuentroinformativo.com.mx\/index.php?rest_route=\/wp\/v2\/types\/post"}],"author":[{"embeddable":true,"href":"https:\/\/encuentroinformativo.com.mx\/index.php?rest_route=\/wp\/v2\/users\/1"}],"replies":[{"embeddable":true,"href":"https:\/\/encuentroinformativo.com.mx\/index.php?rest_route=%2Fwp%2Fv2%2Fcomments&post=9524"}],"version-history":[{"count":1,"href":"https:\/\/encuentroinformativo.com.mx\/index.php?rest_route=\/wp\/v2\/posts\/9524\/revisions"}],"predecessor-version":[{"id":9526,"href":"https:\/\/encuentroinformativo.com.mx\/index.php?rest_route=\/wp\/v2\/posts\/9524\/revisions\/9526"}],"wp:featuredmedia":[{"embeddable":true,"href":"https:\/\/encuentroinformativo.com.mx\/index.php?rest_route=\/wp\/v2\/media\/9525"}],"wp:attachment":[{"href":"https:\/\/encuentroinformativo.com.mx\/index.php?rest_route=%2Fwp%2Fv2%2Fmedia&parent=9524"}],"wp:term":[{"taxonomy":"category","embeddable":true,"href":"https:\/\/encuentroinformativo.com.mx\/index.php?rest_route=%2Fwp%2Fv2%2Fcategories&post=9524"},{"taxonomy":"post_tag","embeddable":true,"href":"https:\/\/encuentroinformativo.com.mx\/index.php?rest_route=%2Fwp%2Fv2%2Ftags&post=9524"}],"curies":[{"name":"wp","href":"https:\/\/api.w.org\/{rel}","templated":true}]}}