{"id":9530,"date":"2020-12-29T16:32:47","date_gmt":"2020-12-29T22:32:47","guid":{"rendered":"https:\/\/encuentroinformativo.com.mx\/?p=9530"},"modified":"2020-12-29T16:32:49","modified_gmt":"2020-12-29T22:32:49","slug":"pan-aprueba-ir-en-alianzas","status":"publish","type":"post","link":"https:\/\/encuentroinformativo.com.mx\/?p=9530","title":{"rendered":"PAN aprueba ir en alianzas"},"content":{"rendered":"\n<p><strong>Juan Arcos <\/strong><\/p>\n\n\n\n<p>Xalapa, Ver.- El Consejo Estatal del Partido Acci\u00f3n Nacional (PAN) aprob\u00f3 por mayor\u00eda la alianza con los partidos pol\u00edticos Revolucionario Institucional (PRI) y de la Revoluci\u00f3n Democr\u00e1tica (PRD) para el proceso electoral 2020-2021.<\/p>\n\n\n\n<p>El dirigente estatal del PAN, Joaqu\u00edn Rosenda Guzm\u00e1n Avil\u00e9s, asegur\u00f3 que la coalici\u00f3n electoral est\u00e1 definida en la entidad para renovar diputaciones federales y locales, as\u00ed como los 212 ayuntamientos.<\/p>\n\n\n\n<p>\u201cNos une la amenaza que veracruzanos y veracruzanas percibimos. Hoy debemos sumarnos con los que ven la misma amenaza&#8221;.\u00a0<\/p>\n\n\n\n<p>El l\u00edder albiazul asegur\u00f3 que las veracruzanas y veracruzanos extra\u00f1an al Partido Acci\u00f3n Nacional en el gobierno y, por ello, la mencionada alianza representa una oportunidad para el nuevo cambio.<\/p>\n\n\n\n<p>En ese sentido, indic\u00f3 que la aprobaci\u00f3n del Consejo Estatal para autorizar la alianza electoral excluye al partido Movimiento de Regeneraci\u00f3n Nacional (Morena).<\/p>\n\n\n\n<p>\u201cHoy nos damos cuenta que las y los veracruzanos nos extra\u00f1an. Nuestra ideolog\u00eda estar\u00e1 por encima de cualquier partido pol\u00edtico y lo seguir\u00e1 estando\u201d.<\/p>\n\n\n\n<p>A su juicio de Guzm\u00e1n Avil\u00e9s, la entidad, como el resto del pa\u00eds, enfrenta una crisis sin precedente, particularmente en salud, violencia y desempleo.<\/p>\n\n\n\n<p>\u201cHoy nos corresponde defender nuestro estado, defender la libertad y nuestras instituciones, defender a las y los veracruzanos, junto a su derecho de vivir en paz\u201d, remat\u00f3.<\/p>\n","protected":false},"excerpt":{"rendered":"<p>Juan Arcos Xalapa, Ver.- El Consejo Estatal del Partido Acci\u00f3n Nacional (PAN) aprob\u00f3 por mayor\u00eda la alianza con los partidos pol\u00edticos Revolucionario Institucional (PRI) y de la Revoluci\u00f3n Democr\u00e1tica (PRD) para el proceso electoral 2020-2021. El dirigente estatal del PAN, Joaqu\u00edn Rosenda Guzm\u00e1n Avil\u00e9s, asegur\u00f3 que la coalici\u00f3n electoral est\u00e1 definida en la entidad para [&hellip;]<\/p>\n","protected":false},"author":1,"featured_media":2065,"comment_status":"open","ping_status":"open","sticky":false,"template":"","format":"standard","meta":{"_jetpack_memberships_contains_paid_content":false,"footnotes":""},"categories":[2],"tags":[],"class_list":["post-9530","post","type-post","status-publish","format-standard","has-post-thumbnail","hentry","category-estado"],"jetpack_featured_media_url":"https:\/\/encuentroinformativo.com.mx\/wp-content\/uploads\/2020\/04\/D4A576B1-BBBD-46AB-8DBB-31CF657C6138.jpeg","jetpack_sharing_enabled":true,"jetpack_likes_enabled":true,"amp_enabled":true,"_links":{"self":[{"href":"https:\/\/encuentroinformativo.com.mx\/index.php?rest_route=\/wp\/v2\/posts\/9530","targetHints":{"allow":["GET"]}}],"collection":[{"href":"https:\/\/encuentroinformativo.com.mx\/index.php?rest_route=\/wp\/v2\/posts"}],"about":[{"href":"https:\/\/encuentroinformativo.com.mx\/index.php?rest_route=\/wp\/v2\/types\/post"}],"author":[{"embeddable":true,"href":"https:\/\/encuentroinformativo.com.mx\/index.php?rest_route=\/wp\/v2\/users\/1"}],"replies":[{"embeddable":true,"href":"https:\/\/encuentroinformativo.com.mx\/index.php?rest_route=%2Fwp%2Fv2%2Fcomments&post=9530"}],"version-history":[{"count":1,"href":"https:\/\/encuentroinformativo.com.mx\/index.php?rest_route=\/wp\/v2\/posts\/9530\/revisions"}],"predecessor-version":[{"id":9531,"href":"https:\/\/encuentroinformativo.com.mx\/index.php?rest_route=\/wp\/v2\/posts\/9530\/revisions\/9531"}],"wp:featuredmedia":[{"embeddable":true,"href":"https:\/\/encuentroinformativo.com.mx\/index.php?rest_route=\/wp\/v2\/media\/2065"}],"wp:attachment":[{"href":"https:\/\/encuentroinformativo.com.mx\/index.php?rest_route=%2Fwp%2Fv2%2Fmedia&parent=9530"}],"wp:term":[{"taxonomy":"category","embeddable":true,"href":"https:\/\/encuentroinformativo.com.mx\/index.php?rest_route=%2Fwp%2Fv2%2Fcategories&post=9530"},{"taxonomy":"post_tag","embeddable":true,"href":"https:\/\/encuentroinformativo.com.mx\/index.php?rest_route=%2Fwp%2Fv2%2Ftags&post=9530"}],"curies":[{"name":"wp","href":"https:\/\/api.w.org\/{rel}","templated":true}]}}