{"id":9532,"date":"2020-12-29T16:37:39","date_gmt":"2020-12-29T22:37:39","guid":{"rendered":"https:\/\/encuentroinformativo.com.mx\/?p=9532"},"modified":"2020-12-29T16:37:42","modified_gmt":"2020-12-29T22:37:42","slug":"panistas-de-medellin-se-cambian-a-movimiento-ciudadano","status":"publish","type":"post","link":"https:\/\/encuentroinformativo.com.mx\/?p=9532","title":{"rendered":"Panistas de Medell\u00edn se cambian a Movimiento Ciudadano"},"content":{"rendered":"\n<p><strong>Alejandro \u00c1vila<\/strong><\/p>\n\n\n\n<p>Medell\u00edn de Bravo, Ver.- Quien fuera un fuerte activo del PAN en Medell\u00edn de Bravo, la l\u00edder Betsabe Sol\u00eds Neri, se uni\u00f3 a las filas de Movimiento Ciudadano, pues aparentemente le ofrecieron las posiciones que siempre hab\u00eda buscado.<\/p>\n\n\n\n<p>Sol\u00eds Neri ya ten\u00eda varios a\u00f1os alejada del activismo a favor del PAN en Medell\u00edn de Bravo, pues algo no cuadraba con sus \u201cideales\u201d y decidi\u00f3 abandonar el apoyo que desde hace tiempo ofreci\u00f3 al blanquiazul en diversas campa\u00f1as pol\u00edticas.<\/p>\n\n\n\n<p>\u201cTen\u00eda rato que se manten\u00eda alejada del PAN, de las decisiones y activismo panistas, por lo que su salida no incidir\u00e1 en el resultado del pr\u00f3ximo proceso electoral del 2021\u201d, se\u00f1al\u00f3 un militante quien recorri\u00f3 con ella varias zonas del municipio.<\/p>\n\n\n\n<p>El panismo la recuerda bien, al interior del Comit\u00e9 Directivo Municipal, se dice que Betsabe Sol\u00eds Neri fue una de las lideresas con mayor peso en el panismo, esto algunos a\u00f1os atr\u00e1s, y adquiri\u00f3 m\u00e1s poder cuando gobernaban los ex alcaldes Omar Cruz y Gerardo P\u00e9rez.<\/p>\n\n\n\n<p>Despu\u00e9s de sus a\u00f1os de gloria en el municipio, decidi\u00f3 alejarse del PAN y mantenerse al margen de toda la pol\u00edtica, pero ahora regres\u00f3 para enfundarse en la casaca naranja de Movimiento Ciudadano.<\/p>\n","protected":false},"excerpt":{"rendered":"<p>Alejandro \u00c1vila Medell\u00edn de Bravo, Ver.- Quien fuera un fuerte activo del PAN en Medell\u00edn de Bravo, la l\u00edder Betsabe Sol\u00eds Neri, se uni\u00f3 a las filas de Movimiento Ciudadano, pues aparentemente le ofrecieron las posiciones que siempre hab\u00eda buscado. Sol\u00eds Neri ya ten\u00eda varios a\u00f1os alejada del activismo a favor del PAN en Medell\u00edn [&hellip;]<\/p>\n","protected":false},"author":1,"featured_media":9533,"comment_status":"open","ping_status":"open","sticky":false,"template":"","format":"standard","meta":{"_jetpack_memberships_contains_paid_content":false,"footnotes":""},"categories":[2],"tags":[],"class_list":["post-9532","post","type-post","status-publish","format-standard","has-post-thumbnail","hentry","category-estado"],"jetpack_featured_media_url":"https:\/\/encuentroinformativo.com.mx\/wp-content\/uploads\/2020\/12\/274B5129-589C-4A15-8293-CFA26AAC8696.jpeg","jetpack_sharing_enabled":true,"jetpack_likes_enabled":true,"amp_enabled":true,"_links":{"self":[{"href":"https:\/\/encuentroinformativo.com.mx\/index.php?rest_route=\/wp\/v2\/posts\/9532","targetHints":{"allow":["GET"]}}],"collection":[{"href":"https:\/\/encuentroinformativo.com.mx\/index.php?rest_route=\/wp\/v2\/posts"}],"about":[{"href":"https:\/\/encuentroinformativo.com.mx\/index.php?rest_route=\/wp\/v2\/types\/post"}],"author":[{"embeddable":true,"href":"https:\/\/encuentroinformativo.com.mx\/index.php?rest_route=\/wp\/v2\/users\/1"}],"replies":[{"embeddable":true,"href":"https:\/\/encuentroinformativo.com.mx\/index.php?rest_route=%2Fwp%2Fv2%2Fcomments&post=9532"}],"version-history":[{"count":1,"href":"https:\/\/encuentroinformativo.com.mx\/index.php?rest_route=\/wp\/v2\/posts\/9532\/revisions"}],"predecessor-version":[{"id":9534,"href":"https:\/\/encuentroinformativo.com.mx\/index.php?rest_route=\/wp\/v2\/posts\/9532\/revisions\/9534"}],"wp:featuredmedia":[{"embeddable":true,"href":"https:\/\/encuentroinformativo.com.mx\/index.php?rest_route=\/wp\/v2\/media\/9533"}],"wp:attachment":[{"href":"https:\/\/encuentroinformativo.com.mx\/index.php?rest_route=%2Fwp%2Fv2%2Fmedia&parent=9532"}],"wp:term":[{"taxonomy":"category","embeddable":true,"href":"https:\/\/encuentroinformativo.com.mx\/index.php?rest_route=%2Fwp%2Fv2%2Fcategories&post=9532"},{"taxonomy":"post_tag","embeddable":true,"href":"https:\/\/encuentroinformativo.com.mx\/index.php?rest_route=%2Fwp%2Fv2%2Ftags&post=9532"}],"curies":[{"name":"wp","href":"https:\/\/api.w.org\/{rel}","templated":true}]}}