{"id":9539,"date":"2020-12-29T16:51:16","date_gmt":"2020-12-29T22:51:16","guid":{"rendered":"https:\/\/encuentroinformativo.com.mx\/?p=9539"},"modified":"2020-12-29T16:51:18","modified_gmt":"2020-12-29T22:51:18","slug":"ningun-menor-de-edad-en-el-buen-samaritano-esta-en-situacion-de-calle-dif","status":"publish","type":"post","link":"https:\/\/encuentroinformativo.com.mx\/?p=9539","title":{"rendered":"Ning\u00fan menor de edad en \u201cEl Buen Samaritano\u201d est\u00e1 en situaci\u00f3n de calle: DIF"},"content":{"rendered":"\n<p><strong>Alejandro \u00c1vila<\/strong><\/p>\n\n\n\n<p>Veracruz, Ver.- Tras el incendio suscitado en la Casa Hogar \u201cEl Buen Samaritano\u201d en la colonia Chalchihucan, el DIF Municipal de Veracruz acudi\u00f3 al lugar para conocer la situaci\u00f3n de los menores que ah\u00ed se encuentran albergados o resguardados.<\/p>\n\n\n\n<p>Yamileth Herrera D\u00edaz, directora del DIF Municipal de Veracruz, aclar\u00f3 que a su arribo la situaci\u00f3n se torn\u00f3 algo tensa debido a que no les permitieron el acceso, a pesar de acudir con personal de la Procuradur\u00eda de la Defensa del Menor.<\/p>\n\n\n\n<p>Si bien en un principio se dijo que hab\u00eda 18 ni\u00f1os albergados, solo se pudo identificar al final a 9 de ellos.<\/p>\n\n\n\n<p>\u201cNo son ni\u00f1os en situaci\u00f3n de calle, eso es bien importante que sepa la ciudadan\u00eda, que eso es lo que a nosotros nos preocupaba, que hubiera ni\u00f1os que no tuvieran pap\u00e1, mam\u00e1, tutor o responsable, todos son ni\u00f1os de la zona, son ni\u00f1os de la colonia Chalchihuecan, con pap\u00e1s de la zona, bueno lo que quer\u00edamos era saber la situaci\u00f3n jur\u00eddica para ofrecerles el albergue del Sistema DIF Municipal y poderles dar una atenci\u00f3n, un resguardo, alimento y poderlos trasladar en caso de que as\u00ed lo requirieran, para primero ver que es lo que iban a necesitar, pero se negaron a recibirlo, de hecho empezaron a llegar los pap\u00e1s de los menores\u201d, detall\u00f3 la funcionaria municipal.<\/p>\n\n\n\n<p>Aclar\u00f3 que el siniestro se dio en un cuarto aleda\u00f1o al albergue principal, al cual no les permitieron ingresar por lo que desconocen de manera concreta cuales fueron los da\u00f1os totales; aunque finalmente el DIF Municipal s\u00ed dar\u00e1 un apoyo para los ni\u00f1os que logr\u00f3 contabilizar necesitan apoyo, que son 9.<\/p>\n\n\n\n<p>\u201cTenemos entendido por los vecinos de la zona que funge como un comedor comunitario a veces, donde algunos ni\u00f1os acuden a comer, pero no siento que sea un albergue que est\u00e9 funcionando en forma, la verdad es que tampoco somos la autoridad correspondiente para la revisi\u00f3n de esto albergues, de eso se encarga el DIF Estatal, pero s\u00ed decirle a la ciudadan\u00eda que la verdad ha respondido maravillosamente con las muestras de apoyo que, nos ofrecemos como intermediaros para dar realmente el apoyo que se necesita, como DIF vamos a apoyarlos con colchonetas, algunas despensas y apoyo alimentario\u201d, apunt\u00f3.<\/p>\n\n\n\n<p>Resalt\u00f3 que el DIF Municipal no podr\u00eda llevarse a ning\u00fan menor ya que cuentan con familia, y en caso de tener a alguno sin tutor, entonces s\u00ed se har\u00eda una denuncia ante la Fiscal\u00eda Especializada para posteriormente obtener su resguardo hasta la mayor\u00eda de edad.<\/p>\n","protected":false},"excerpt":{"rendered":"<p>Alejandro \u00c1vila Veracruz, Ver.- Tras el incendio suscitado en la Casa Hogar \u201cEl Buen Samaritano\u201d en la colonia Chalchihucan, el DIF Municipal de Veracruz acudi\u00f3 al lugar para conocer la situaci\u00f3n de los menores que ah\u00ed se encuentran albergados o resguardados. Yamileth Herrera D\u00edaz, directora del DIF Municipal de Veracruz, aclar\u00f3 que a su arribo [&hellip;]<\/p>\n","protected":false},"author":1,"featured_media":9540,"comment_status":"open","ping_status":"open","sticky":false,"template":"","format":"standard","meta":{"_jetpack_memberships_contains_paid_content":false,"footnotes":""},"categories":[2],"tags":[],"class_list":["post-9539","post","type-post","status-publish","format-standard","has-post-thumbnail","hentry","category-estado"],"jetpack_featured_media_url":"https:\/\/encuentroinformativo.com.mx\/wp-content\/uploads\/2020\/12\/2050B5A8-CE11-42A5-8F28-8FB1808BA617.jpeg","jetpack_sharing_enabled":true,"jetpack_likes_enabled":true,"amp_enabled":true,"_links":{"self":[{"href":"https:\/\/encuentroinformativo.com.mx\/index.php?rest_route=\/wp\/v2\/posts\/9539","targetHints":{"allow":["GET"]}}],"collection":[{"href":"https:\/\/encuentroinformativo.com.mx\/index.php?rest_route=\/wp\/v2\/posts"}],"about":[{"href":"https:\/\/encuentroinformativo.com.mx\/index.php?rest_route=\/wp\/v2\/types\/post"}],"author":[{"embeddable":true,"href":"https:\/\/encuentroinformativo.com.mx\/index.php?rest_route=\/wp\/v2\/users\/1"}],"replies":[{"embeddable":true,"href":"https:\/\/encuentroinformativo.com.mx\/index.php?rest_route=%2Fwp%2Fv2%2Fcomments&post=9539"}],"version-history":[{"count":1,"href":"https:\/\/encuentroinformativo.com.mx\/index.php?rest_route=\/wp\/v2\/posts\/9539\/revisions"}],"predecessor-version":[{"id":9541,"href":"https:\/\/encuentroinformativo.com.mx\/index.php?rest_route=\/wp\/v2\/posts\/9539\/revisions\/9541"}],"wp:featuredmedia":[{"embeddable":true,"href":"https:\/\/encuentroinformativo.com.mx\/index.php?rest_route=\/wp\/v2\/media\/9540"}],"wp:attachment":[{"href":"https:\/\/encuentroinformativo.com.mx\/index.php?rest_route=%2Fwp%2Fv2%2Fmedia&parent=9539"}],"wp:term":[{"taxonomy":"category","embeddable":true,"href":"https:\/\/encuentroinformativo.com.mx\/index.php?rest_route=%2Fwp%2Fv2%2Fcategories&post=9539"},{"taxonomy":"post_tag","embeddable":true,"href":"https:\/\/encuentroinformativo.com.mx\/index.php?rest_route=%2Fwp%2Fv2%2Ftags&post=9539"}],"curies":[{"name":"wp","href":"https:\/\/api.w.org\/{rel}","templated":true}]}}