{"id":9542,"date":"2020-12-30T11:13:33","date_gmt":"2020-12-30T17:13:33","guid":{"rendered":"https:\/\/encuentroinformativo.com.mx\/?p=9542"},"modified":"2020-12-30T11:13:36","modified_gmt":"2020-12-30T17:13:36","slug":"alzan-la-mano-en-misantla","status":"publish","type":"post","link":"https:\/\/encuentroinformativo.com.mx\/?p=9542","title":{"rendered":"Alzan la mano en Misantla"},"content":{"rendered":"\n<p><strong>Los Pol\u00edticos<\/strong><\/p>\n\n\n\n<p><strong>Salvador Mu\u00f1oz<\/strong><\/p>\n\n\n\n<p>En Misantla, la versi\u00f3n la tomaron con humor: \u201c\u00a1Qu\u00e9 verg\u00fcenza!, \u00a1tenemos que pasar por chismosos!\u201d y se r\u00eden. El tema de la ma\u00f1ana es esa noticia que circul\u00f3 en el Notiver que anuncia, en un pantallazo de Whatsapp de un grupo denominado \u201cDistrito 8 Misantla\u201d, que el PT no va en alianza con Morena y el Verde. Esa versi\u00f3n al menos despabil\u00f3 a muchos que reposan el recalentado de Navidad y sue\u00f1an con la Cena de A\u00f1o Nuevo pues tuvieron que desempolvar el \u201caplaus\u00f3metro\u201d para medir sus niveles contra potenciales rivales.<\/p>\n\n\n\n<p>Por ejemplo, en Morena, citan a dos candidatos a la curul siendo el m\u00e1s fuerte hasta el momento, Rub\u00e9n Dar\u00edo Carrasco, el empresario Coyame; mientras, el alcalde de Vega de Alatorre, Rom\u00e1n Bastida Huesca no cesa en su lucha por alcanzar la candidatura, aunque le ponen dos \u201cpero\u201d:<\/p>\n\n\n\n<p>1.- No concluir\u00eda su mandato como presidente municipal lo que lo convierte en un pol\u00edtico \u201csaltimbanqui\u201d&#8230;<\/p>\n\n\n\n<p>2.- Que con la escuela partidista con la que se gradu\u00f3, sabe que tiene que invertirle en caso de que sea el candidato\u2026 \u00bfy de d\u00f3nde va a sacar?<\/p>\n\n\n\n<p>Hay quienes citaban a Noreya Portilla Gumecindo, pero es seguro que en una de \u00e9sas, salte como aspirante a una curul federal, aunque habr\u00e1 que esperar.<\/p>\n\n\n\n<p>Otra dama que bien podr\u00eda y deber\u00eda ser tomada en cuenta es Eleaney Sesma, dirigente estatal de Asuntos de la Mujer del PVEM. Conocida y reconocida.<\/p>\n\n\n\n<p>Tocando el tema de las curules de San L\u00e1zaro, en Movimiento Ciudadano tienen definido tambi\u00e9n a su candidato en la figura de Miguel Castillo, joven empresario que en la sola menci\u00f3n es bien recibida entre los alte\u00f1os\u2026 pero si MC tiene una buena en Miguel, la mala es que no tiene carta que suene por la curul local, en el Palacio de Encanto.<\/p>\n\n\n\n<p>Quien s\u00ed suena, sin que ello implique que la tenga, es Fidencio Romero Ortega, alcalde de Yecuatla, quien contender\u00eda por el PRD.<\/p>\n\n\n\n<p>Por cierto, hablando de Presidentes Municipales, otro que ha dejado escapar sus aspiraciones entre los cercanos a \u00e9l, es el alcalde de Misantla, Oth\u00f3n Hern\u00e1ndez Candanedo, a quien su corazoncito le palpita por estar en el Congreso local como en estos momentos lo hace su hija, Marigraz\u2026 por el PAN.<\/p>\n\n\n\n<p>Haciendo la cuenta, por lo menos tenemos tres alcaldes con aspiraciones a ser diputado local por su distrito: Rom\u00e1n, Oth\u00f3n y Fidencio.<\/p>\n\n\n\n<p>Si bien, el m\u00e1s fuerte podr\u00eda ser Oth\u00f3n, las aspiraciones de su yerno Fernando Rodr\u00edguez pudieran venirse al traste, quiz\u00e1s no tanto en el partido como entre la poblaci\u00f3n, porque si bien, el puesto de Marigraz Hern\u00e1ndez es por la v\u00eda pluri, la gente lo que ver\u00eda es la concentraci\u00f3n de poder en una familia pol\u00edtica.<\/p>\n\n\n\n<p>Por el PRI aparece Marco Dom\u00ednguez, un joven entusiasta que sin hacer mucho ruido, recorre el distrito de punta a punta. Actualmente es secretario de Gesti\u00f3n Social de la CNOP Veracruz por lo que no se duda que el dirigente Adolfo Ram\u00edrez Arana, vea en \u00e9l una carta fuerte con la que haya que jugar, se vaya en alianza o no. \u00a1Ojo! Porque Marco cuenta con algo que muchos de los citados ac\u00e1, carece: simpat\u00eda, misma que igual irradia en el PRI como hasta en el mismo PAN. Conoce el teje-maneje del trabajo legislativo y su sencillez abre puertas.<\/p>\n\n\n\n<p>Por supuesto, \u00e9stos son s\u00f3lo algunos de los m\u00e1s citados en el distrito de la Se\u00f1orial Misantla, tomando en cuenta que falta lo que Movimiento Ciudadano diga, as\u00ed como el PT, ahora que seg\u00fan el hijo de Vicente Aguilar, dejan la alianza de Morena con PVEM.<\/p>\n\n\n\n<p><a href=\"mailto:smcainito@gmail.com\" target=\"_blank\" rel=\"noreferrer noopener\">smcainito@gmail.com<\/a><\/p>\n","protected":false},"excerpt":{"rendered":"<p>Los Pol\u00edticos Salvador Mu\u00f1oz En Misantla, la versi\u00f3n la tomaron con humor: \u201c\u00a1Qu\u00e9 verg\u00fcenza!, \u00a1tenemos que pasar por chismosos!\u201d y se r\u00eden. El tema de la ma\u00f1ana es esa noticia que circul\u00f3 en el Notiver que anuncia, en un pantallazo de Whatsapp de un grupo denominado \u201cDistrito 8 Misantla\u201d, que el PT no va en [&hellip;]<\/p>\n","protected":false},"author":1,"featured_media":70,"comment_status":"open","ping_status":"open","sticky":false,"template":"","format":"standard","meta":{"_jetpack_memberships_contains_paid_content":false,"footnotes":""},"categories":[11],"tags":[],"class_list":["post-9542","post","type-post","status-publish","format-standard","has-post-thumbnail","hentry","category-opinion"],"jetpack_featured_media_url":"https:\/\/encuentroinformativo.com.mx\/wp-content\/uploads\/2020\/02\/opinion-invitado.jpg","jetpack_sharing_enabled":true,"jetpack_likes_enabled":true,"amp_enabled":true,"_links":{"self":[{"href":"https:\/\/encuentroinformativo.com.mx\/index.php?rest_route=\/wp\/v2\/posts\/9542","targetHints":{"allow":["GET"]}}],"collection":[{"href":"https:\/\/encuentroinformativo.com.mx\/index.php?rest_route=\/wp\/v2\/posts"}],"about":[{"href":"https:\/\/encuentroinformativo.com.mx\/index.php?rest_route=\/wp\/v2\/types\/post"}],"author":[{"embeddable":true,"href":"https:\/\/encuentroinformativo.com.mx\/index.php?rest_route=\/wp\/v2\/users\/1"}],"replies":[{"embeddable":true,"href":"https:\/\/encuentroinformativo.com.mx\/index.php?rest_route=%2Fwp%2Fv2%2Fcomments&post=9542"}],"version-history":[{"count":1,"href":"https:\/\/encuentroinformativo.com.mx\/index.php?rest_route=\/wp\/v2\/posts\/9542\/revisions"}],"predecessor-version":[{"id":9543,"href":"https:\/\/encuentroinformativo.com.mx\/index.php?rest_route=\/wp\/v2\/posts\/9542\/revisions\/9543"}],"wp:featuredmedia":[{"embeddable":true,"href":"https:\/\/encuentroinformativo.com.mx\/index.php?rest_route=\/wp\/v2\/media\/70"}],"wp:attachment":[{"href":"https:\/\/encuentroinformativo.com.mx\/index.php?rest_route=%2Fwp%2Fv2%2Fmedia&parent=9542"}],"wp:term":[{"taxonomy":"category","embeddable":true,"href":"https:\/\/encuentroinformativo.com.mx\/index.php?rest_route=%2Fwp%2Fv2%2Fcategories&post=9542"},{"taxonomy":"post_tag","embeddable":true,"href":"https:\/\/encuentroinformativo.com.mx\/index.php?rest_route=%2Fwp%2Fv2%2Ftags&post=9542"}],"curies":[{"name":"wp","href":"https:\/\/api.w.org\/{rel}","templated":true}]}}