{"id":9554,"date":"2020-12-30T14:14:45","date_gmt":"2020-12-30T20:14:45","guid":{"rendered":"https:\/\/encuentroinformativo.com.mx\/?p=9554"},"modified":"2020-12-30T14:22:39","modified_gmt":"2020-12-30T20:22:39","slug":"mas-de-120-veracruzanos-perdieron-la-vida-por-covid-en-eu","status":"publish","type":"post","link":"https:\/\/encuentroinformativo.com.mx\/?p=9554","title":{"rendered":"M\u00e1s de 120 veracruzanos perdieron la vida por Covid en EU"},"content":{"rendered":"\n<p><strong>Juan Arcos<\/strong><\/p>\n\n\n\n<p>Xalapa, Ver.- Se tiene registro de 126 veracruzanos que han fallecido en Estados Unidos por SARS-COV-2 (COVID-19), revel\u00f3 el director de Atenci\u00f3n a Migrantes Carlos Enrique Escalante Igual.<\/p>\n\n\n\n<p>Esto ha ocurrido durante los nueve meses que van de la pandemia en el estado de Veracruz.<\/p>\n\n\n\n<p>El funcionario estatal detall\u00f3 que la cifra no es exacta, toda vez que los veracruzanos piden apoyo a la Secretar\u00eda de Relaciones Exteriores (SRE) y \u00e9sta inicia los tr\u00e1mites para repatriar los cuerpos.<\/p>\n\n\n\n<p>\u201cVan 126 veracruzanos que murieron por Covid-19 en los Estados Unidos, este n\u00famero no es exacto porque son de veracruzanos que piden apoyo ante Relaciones Exteriores y relaciones exteriores les auxilian\u201d.<\/p>\n\n\n\n<p>Escalante Igual inform\u00f3 que la Direcci\u00f3n General de Atenci\u00f3n a Migrantes ha logrado entregar cerca de 20 urnas de veracruzanas y veracruzanos fallecidos en el pa\u00eds vecino.<\/p>\n\n\n\n<p>La entrega de las cenizas fue directamente con los familiares de los difuntos en las oficinas de la dependencia estatal, ubicadas sobre la calle Zamora, en la zona centro de Xalapa.<\/p>\n\n\n\n<p>\u201cNosotros hemos ido a buscar all\u00e1 a la Ciudad de M\u00e9xico casi 20 urnas de veracruzanos muertos y ya hemos hecho la entrega de las cenizas a sus familiares, hacemos una labor de buscarlos\u201d.<\/p>\n","protected":false},"excerpt":{"rendered":"<p>Juan Arcos Xalapa, Ver.- Se tiene registro de 126 veracruzanos que han fallecido en Estados Unidos por SARS-COV-2 (COVID-19), revel\u00f3 el director de Atenci\u00f3n a Migrantes Carlos Enrique Escalante Igual. Esto ha ocurrido durante los nueve meses que van de la pandemia en el estado de Veracruz. El funcionario estatal detall\u00f3 que la cifra no [&hellip;]<\/p>\n","protected":false},"author":1,"featured_media":9557,"comment_status":"open","ping_status":"open","sticky":false,"template":"","format":"standard","meta":{"_jetpack_memberships_contains_paid_content":false,"footnotes":""},"categories":[2],"tags":[],"class_list":["post-9554","post","type-post","status-publish","format-standard","has-post-thumbnail","hentry","category-estado"],"jetpack_featured_media_url":"https:\/\/encuentroinformativo.com.mx\/wp-content\/uploads\/2020\/12\/3F73D978-7EC3-42CE-B4BF-C5E03534E2C7.jpeg","jetpack_sharing_enabled":true,"jetpack_likes_enabled":true,"amp_enabled":true,"_links":{"self":[{"href":"https:\/\/encuentroinformativo.com.mx\/index.php?rest_route=\/wp\/v2\/posts\/9554","targetHints":{"allow":["GET"]}}],"collection":[{"href":"https:\/\/encuentroinformativo.com.mx\/index.php?rest_route=\/wp\/v2\/posts"}],"about":[{"href":"https:\/\/encuentroinformativo.com.mx\/index.php?rest_route=\/wp\/v2\/types\/post"}],"author":[{"embeddable":true,"href":"https:\/\/encuentroinformativo.com.mx\/index.php?rest_route=\/wp\/v2\/users\/1"}],"replies":[{"embeddable":true,"href":"https:\/\/encuentroinformativo.com.mx\/index.php?rest_route=%2Fwp%2Fv2%2Fcomments&post=9554"}],"version-history":[{"count":1,"href":"https:\/\/encuentroinformativo.com.mx\/index.php?rest_route=\/wp\/v2\/posts\/9554\/revisions"}],"predecessor-version":[{"id":9556,"href":"https:\/\/encuentroinformativo.com.mx\/index.php?rest_route=\/wp\/v2\/posts\/9554\/revisions\/9556"}],"wp:featuredmedia":[{"embeddable":true,"href":"https:\/\/encuentroinformativo.com.mx\/index.php?rest_route=\/wp\/v2\/media\/9557"}],"wp:attachment":[{"href":"https:\/\/encuentroinformativo.com.mx\/index.php?rest_route=%2Fwp%2Fv2%2Fmedia&parent=9554"}],"wp:term":[{"taxonomy":"category","embeddable":true,"href":"https:\/\/encuentroinformativo.com.mx\/index.php?rest_route=%2Fwp%2Fv2%2Fcategories&post=9554"},{"taxonomy":"post_tag","embeddable":true,"href":"https:\/\/encuentroinformativo.com.mx\/index.php?rest_route=%2Fwp%2Fv2%2Ftags&post=9554"}],"curies":[{"name":"wp","href":"https:\/\/api.w.org\/{rel}","templated":true}]}}