{"id":9558,"date":"2020-12-30T14:31:08","date_gmt":"2020-12-30T20:31:08","guid":{"rendered":"https:\/\/encuentroinformativo.com.mx\/?p=9558"},"modified":"2020-12-30T14:31:10","modified_gmt":"2020-12-30T20:31:10","slug":"tarifas-de-taxis-sin-actualizarse-senalan-lideres","status":"publish","type":"post","link":"https:\/\/encuentroinformativo.com.mx\/?p=9558","title":{"rendered":"Tarifas de taxis sin actualizarse, se\u00f1alan l\u00edderes"},"content":{"rendered":"\n<p><strong>Juan Arcos<\/strong><\/p>\n\n\n\n<p>Xalapa, Ver.- El presidente del C\u00f3mite Estatal del Movimiento Nacional Taxista, V\u00edctor Herminio Gonz\u00e1lez Rivera, revel\u00f3 que las tarifas de transporte p\u00fablico en modalidad de taxi no se han actualizado desde el a\u00f1o 2002.<\/p>\n\n\n\n<p>El l\u00edder taxista detall\u00f3 que el costo m\u00ednimo por corrida deber\u00eda estar entre 50 y 60 pesos; sin embargo, las autoridades no lo permiten.<\/p>\n\n\n\n<p>Adem\u00e1s, record\u00f3 que la tarifa autorizada, desde el 2002 es de 13 pesos; sin embargo, detall\u00f3 que actualmente los usuarios los usuarios est\u00e1n dispuestos a pagar 30 pesos por la tarifa m\u00ednima.<\/p>\n\n\n\n<p>\u201cDesgraciadamente la zona no nos lo permite, aqu\u00ed no hay industrias, hay comercio, estudiantes y oficinas centrales de gobierno, no se puede elevar los costos\u201d.<\/p>\n\n\n\n<p>Gonz\u00e1lez Rivera admiti\u00f3 que para incrementar las tarifas en la capital del estado es necesario mejorar las unidades de transporte p\u00fablico.<\/p>\n\n\n\n<p>\u201cPero a ra\u00edz de que las tarifas se han quedado en el olvido, no podemos remplazar las unidades, absorber\u00edamos cr\u00e9ditos de hasta cinco a\u00f1os, pr\u00e1cticamente ser\u00edamos esclavos de las unidades\u201d.<\/p>\n\n\n\n<p>Adem\u00e1s, record\u00f3 han pedido a las autoridades que los dejen trabajar con los veh\u00edculos que actualmente cuentan, comprometi\u00e9ndose a mejorar las unidades y garantizando un buen comportamiento por parte de los conductores.<\/p>\n","protected":false},"excerpt":{"rendered":"<p>Juan Arcos Xalapa, Ver.- El presidente del C\u00f3mite Estatal del Movimiento Nacional Taxista, V\u00edctor Herminio Gonz\u00e1lez Rivera, revel\u00f3 que las tarifas de transporte p\u00fablico en modalidad de taxi no se han actualizado desde el a\u00f1o 2002. El l\u00edder taxista detall\u00f3 que el costo m\u00ednimo por corrida deber\u00eda estar entre 50 y 60 pesos; sin embargo, [&hellip;]<\/p>\n","protected":false},"author":1,"featured_media":9559,"comment_status":"open","ping_status":"open","sticky":false,"template":"","format":"standard","meta":{"_jetpack_memberships_contains_paid_content":false,"footnotes":""},"categories":[3],"tags":[],"class_list":["post-9558","post","type-post","status-publish","format-standard","has-post-thumbnail","hentry","category-xalapa"],"jetpack_featured_media_url":"https:\/\/encuentroinformativo.com.mx\/wp-content\/uploads\/2020\/12\/1AD11BBB-4ED9-4F22-873B-BCF60D733991.jpeg","jetpack_sharing_enabled":true,"jetpack_likes_enabled":true,"amp_enabled":true,"_links":{"self":[{"href":"https:\/\/encuentroinformativo.com.mx\/index.php?rest_route=\/wp\/v2\/posts\/9558","targetHints":{"allow":["GET"]}}],"collection":[{"href":"https:\/\/encuentroinformativo.com.mx\/index.php?rest_route=\/wp\/v2\/posts"}],"about":[{"href":"https:\/\/encuentroinformativo.com.mx\/index.php?rest_route=\/wp\/v2\/types\/post"}],"author":[{"embeddable":true,"href":"https:\/\/encuentroinformativo.com.mx\/index.php?rest_route=\/wp\/v2\/users\/1"}],"replies":[{"embeddable":true,"href":"https:\/\/encuentroinformativo.com.mx\/index.php?rest_route=%2Fwp%2Fv2%2Fcomments&post=9558"}],"version-history":[{"count":1,"href":"https:\/\/encuentroinformativo.com.mx\/index.php?rest_route=\/wp\/v2\/posts\/9558\/revisions"}],"predecessor-version":[{"id":9560,"href":"https:\/\/encuentroinformativo.com.mx\/index.php?rest_route=\/wp\/v2\/posts\/9558\/revisions\/9560"}],"wp:featuredmedia":[{"embeddable":true,"href":"https:\/\/encuentroinformativo.com.mx\/index.php?rest_route=\/wp\/v2\/media\/9559"}],"wp:attachment":[{"href":"https:\/\/encuentroinformativo.com.mx\/index.php?rest_route=%2Fwp%2Fv2%2Fmedia&parent=9558"}],"wp:term":[{"taxonomy":"category","embeddable":true,"href":"https:\/\/encuentroinformativo.com.mx\/index.php?rest_route=%2Fwp%2Fv2%2Fcategories&post=9558"},{"taxonomy":"post_tag","embeddable":true,"href":"https:\/\/encuentroinformativo.com.mx\/index.php?rest_route=%2Fwp%2Fv2%2Ftags&post=9558"}],"curies":[{"name":"wp","href":"https:\/\/api.w.org\/{rel}","templated":true}]}}