{"id":9561,"date":"2020-12-30T14:39:20","date_gmt":"2020-12-30T20:39:20","guid":{"rendered":"https:\/\/encuentroinformativo.com.mx\/?p=9561"},"modified":"2020-12-30T14:39:23","modified_gmt":"2020-12-30T20:39:23","slug":"realizan-jornada-de-desinfeccion-de-vehiculos","status":"publish","type":"post","link":"https:\/\/encuentroinformativo.com.mx\/?p=9561","title":{"rendered":"Realizan jornada de desinfecci\u00f3n de veh\u00edculos"},"content":{"rendered":"\n<p><strong>Juan Arcos<\/strong><\/p>\n\n\n\n<p>Xalapa, Ver.- Este mi\u00e9rcoles 30 de diciembre se llev\u00f3 a cabo una jornada para la desinfecci\u00f3n de veh\u00edculos particulares y de transporte p\u00fablico, como una medida para evitar contagios de COVID-19.<\/p>\n\n\n\n<p>Estas acciones se observaron sobre la avenida Xalapa, a la altura del Pante\u00f3n Xalape\u00f1o.<\/p>\n\n\n\n<p>De acuerdo con Omar Herrera Parra, miembro de la Organizaci\u00f3n Humanitaria Veracruzana, la jornada de desinfecci\u00f3n ha sido constante y se ha logrado atender a m\u00e1s de 20 mil autom\u00f3viles.<\/p>\n\n\n\n<p>\u201cAl d\u00eda de hoy llevamos m\u00e1s de 20 mil veh\u00edculos desinfectados con esta campa\u00f1a. Es la \u00faltima desinfecci\u00f3n del a\u00f1o\u201d.<\/p>\n\n\n\n<p>El entrevistado pidi\u00f3 a la poblaci\u00f3n que respete las medidas sanitarias durante los festejos de fin de a\u00f1o, para evitar la propagaci\u00f3n de la enfermedad.<\/p>\n\n\n\n<p>\u201cLos invitamos a que se protejan, a que si festejan lo hagan en casita, donde no haya aglomeraciones, que tomen todas la medidas de seguridad para evitar el contagio\u201d.<\/p>\n\n\n\n<p>Herrera Parra indic\u00f3 que mientras la pandemia persista, la organizaci\u00f3n que encabeza seguir\u00e1 llevando a cabo acciones para hacer frente a la emergencia sanitaria.<\/p>\n\n\n\n<p>\u201cSeguiremos manteniendo las campa\u00f1as de desinfecci\u00f3n en Xalapa y alrededores. Adem\u00e1s seguiremos promoviendo el uso de cubrebocas y gel antibacterial, tenemos una amplia expectativa para el siguiente a\u00f1o\u201d.<\/p>\n\n\n\n<p>La campa\u00f1a de desinfecci\u00f3n se realizar\u00eda tambi\u00e9n en las inmediaciones de los mercados J\u00e1uregui, Galeana y Rend\u00f3n, as\u00ed como tambi\u00e9n, en los tianguis.<\/p>\n","protected":false},"excerpt":{"rendered":"<p>Juan Arcos Xalapa, Ver.- Este mi\u00e9rcoles 30 de diciembre se llev\u00f3 a cabo una jornada para la desinfecci\u00f3n de veh\u00edculos particulares y de transporte p\u00fablico, como una medida para evitar contagios de COVID-19. Estas acciones se observaron sobre la avenida Xalapa, a la altura del Pante\u00f3n Xalape\u00f1o. De acuerdo con Omar Herrera Parra, miembro de [&hellip;]<\/p>\n","protected":false},"author":1,"featured_media":9562,"comment_status":"open","ping_status":"open","sticky":false,"template":"","format":"standard","meta":{"_jetpack_memberships_contains_paid_content":false,"footnotes":""},"categories":[3],"tags":[],"class_list":["post-9561","post","type-post","status-publish","format-standard","has-post-thumbnail","hentry","category-xalapa"],"jetpack_featured_media_url":"https:\/\/encuentroinformativo.com.mx\/wp-content\/uploads\/2020\/12\/3BEE0B70-BE15-43C8-AB6B-0CCB9547F086.jpeg","jetpack_sharing_enabled":true,"jetpack_likes_enabled":true,"amp_enabled":true,"_links":{"self":[{"href":"https:\/\/encuentroinformativo.com.mx\/index.php?rest_route=\/wp\/v2\/posts\/9561","targetHints":{"allow":["GET"]}}],"collection":[{"href":"https:\/\/encuentroinformativo.com.mx\/index.php?rest_route=\/wp\/v2\/posts"}],"about":[{"href":"https:\/\/encuentroinformativo.com.mx\/index.php?rest_route=\/wp\/v2\/types\/post"}],"author":[{"embeddable":true,"href":"https:\/\/encuentroinformativo.com.mx\/index.php?rest_route=\/wp\/v2\/users\/1"}],"replies":[{"embeddable":true,"href":"https:\/\/encuentroinformativo.com.mx\/index.php?rest_route=%2Fwp%2Fv2%2Fcomments&post=9561"}],"version-history":[{"count":1,"href":"https:\/\/encuentroinformativo.com.mx\/index.php?rest_route=\/wp\/v2\/posts\/9561\/revisions"}],"predecessor-version":[{"id":9563,"href":"https:\/\/encuentroinformativo.com.mx\/index.php?rest_route=\/wp\/v2\/posts\/9561\/revisions\/9563"}],"wp:featuredmedia":[{"embeddable":true,"href":"https:\/\/encuentroinformativo.com.mx\/index.php?rest_route=\/wp\/v2\/media\/9562"}],"wp:attachment":[{"href":"https:\/\/encuentroinformativo.com.mx\/index.php?rest_route=%2Fwp%2Fv2%2Fmedia&parent=9561"}],"wp:term":[{"taxonomy":"category","embeddable":true,"href":"https:\/\/encuentroinformativo.com.mx\/index.php?rest_route=%2Fwp%2Fv2%2Fcategories&post=9561"},{"taxonomy":"post_tag","embeddable":true,"href":"https:\/\/encuentroinformativo.com.mx\/index.php?rest_route=%2Fwp%2Fv2%2Ftags&post=9561"}],"curies":[{"name":"wp","href":"https:\/\/api.w.org\/{rel}","templated":true}]}}