{"id":9568,"date":"2020-12-30T15:34:53","date_gmt":"2020-12-30T21:34:53","guid":{"rendered":"https:\/\/encuentroinformativo.com.mx\/?p=9568"},"modified":"2020-12-30T15:34:56","modified_gmt":"2020-12-30T21:34:56","slug":"trasladan-a-ninos-de-casa-hogar-el-buen-samaritano-a-hotel-del-centro-historico","status":"publish","type":"post","link":"https:\/\/encuentroinformativo.com.mx\/?p=9568","title":{"rendered":"Trasladan a ni\u00f1os de Casa Hogar \u201cEl Buen Samaritano\u201d a hotel del Centro Hist\u00f3rico"},"content":{"rendered":"\n<p><strong>Alejandro \u00c1vila<\/strong><\/p>\n\n\n\n<p>Veracruz, Ver.- En camionetas de Protecci\u00f3n Civil de Gobierno del Estado fueron trasladados la ma\u00f1ana de este mi\u00e9rcoles, 14 ni\u00f1os de la Casa Hogar \u201cEl Buen Samaritano\u201d al hotel CIMSA ubicado en la calle Hern\u00e1n Cort\u00e9s n\u00famero 50.<\/p>\n\n\n\n<p>Dulce Mar\u00eda Salom\u00f3n Pardo, presidenta del Consejo de Administraci\u00f3n del Hotel CIMSA, relat\u00f3 que en una charla con una amiga integrante del Club de Leones, esta le coment\u00f3 del incendio sufrido la noche de este lunes en el albergue de la colonia Chalchihuecan al norte del municipio de Veracruz.<\/p>\n\n\n\n<p>Sin pensarlo dos veces habl\u00f3 con su socio, Rafael Dionisio Garc\u00eda Tapia, a quien le propuso acoger a los ni\u00f1os, al menos hasta que se vuelva a edificar la zona da\u00f1ada, que precisamente es donde los muchachos pasaban la noche.<\/p>\n\n\n\n<p>\u201cPara que no pasen estos d\u00edas con frio, est\u00e1 anunciado un \u2018norte\u2019, y la verdad las temperaturas aunque no haya \u2018norte\u2019 han descendido demasiado, entonces apiad\u00e1ndose uno de las criaturas que no tienen casita\u201d, apunt\u00f3 Salom\u00f3n Pardo, quien agreg\u00f3 son hu\u00e9spedes que no pagar\u00e1n un solo peso por su estancia, ya que es una labor altruista.<\/p>\n\n\n\n<p>Por su parte, Rafael Dionisio Garc\u00eda Tapia, coment\u00f3 que como todo los prestadores de servicio tur\u00edstico se vieron sumamente afectados por la pandemia, por alg\u00fan tiempo, tuvieron que cerrar el hotel, y cuando las autoridades permitieron se abrieran con ocupaci\u00f3n de un 25 por ciento de su capacidad, solo han conseguido rentar una o dos habitaciones.<\/p>\n\n\n\n<p>El problema, afirman, no solo ha sido la pandemia de COVID-19, eso consideran es \u201cla cereza del pastel\u201d, a ellos en espec\u00edfico, les comenz\u00f3 a afectar desde que existen los parqu\u00edmetros en el Centro Hist\u00f3rico de la ciudad, pues no cuentan con estacionamiento propio y los hu\u00e9spedes deben desembolsar un dinero extra para dejar sus autom\u00f3viles cerca del hotel durante el d\u00eda.<\/p>\n","protected":false},"excerpt":{"rendered":"<p>Alejandro \u00c1vila Veracruz, Ver.- En camionetas de Protecci\u00f3n Civil de Gobierno del Estado fueron trasladados la ma\u00f1ana de este mi\u00e9rcoles, 14 ni\u00f1os de la Casa Hogar \u201cEl Buen Samaritano\u201d al hotel CIMSA ubicado en la calle Hern\u00e1n Cort\u00e9s n\u00famero 50. Dulce Mar\u00eda Salom\u00f3n Pardo, presidenta del Consejo de Administraci\u00f3n del Hotel CIMSA, relat\u00f3 que en [&hellip;]<\/p>\n","protected":false},"author":1,"featured_media":9569,"comment_status":"open","ping_status":"open","sticky":false,"template":"","format":"standard","meta":{"_jetpack_memberships_contains_paid_content":false,"footnotes":""},"categories":[2],"tags":[],"class_list":["post-9568","post","type-post","status-publish","format-standard","has-post-thumbnail","hentry","category-estado"],"jetpack_featured_media_url":"https:\/\/encuentroinformativo.com.mx\/wp-content\/uploads\/2020\/12\/3F955FA4-8D7F-4DB2-898C-717E80F57805.jpeg","jetpack_sharing_enabled":true,"jetpack_likes_enabled":true,"amp_enabled":true,"_links":{"self":[{"href":"https:\/\/encuentroinformativo.com.mx\/index.php?rest_route=\/wp\/v2\/posts\/9568","targetHints":{"allow":["GET"]}}],"collection":[{"href":"https:\/\/encuentroinformativo.com.mx\/index.php?rest_route=\/wp\/v2\/posts"}],"about":[{"href":"https:\/\/encuentroinformativo.com.mx\/index.php?rest_route=\/wp\/v2\/types\/post"}],"author":[{"embeddable":true,"href":"https:\/\/encuentroinformativo.com.mx\/index.php?rest_route=\/wp\/v2\/users\/1"}],"replies":[{"embeddable":true,"href":"https:\/\/encuentroinformativo.com.mx\/index.php?rest_route=%2Fwp%2Fv2%2Fcomments&post=9568"}],"version-history":[{"count":1,"href":"https:\/\/encuentroinformativo.com.mx\/index.php?rest_route=\/wp\/v2\/posts\/9568\/revisions"}],"predecessor-version":[{"id":9570,"href":"https:\/\/encuentroinformativo.com.mx\/index.php?rest_route=\/wp\/v2\/posts\/9568\/revisions\/9570"}],"wp:featuredmedia":[{"embeddable":true,"href":"https:\/\/encuentroinformativo.com.mx\/index.php?rest_route=\/wp\/v2\/media\/9569"}],"wp:attachment":[{"href":"https:\/\/encuentroinformativo.com.mx\/index.php?rest_route=%2Fwp%2Fv2%2Fmedia&parent=9568"}],"wp:term":[{"taxonomy":"category","embeddable":true,"href":"https:\/\/encuentroinformativo.com.mx\/index.php?rest_route=%2Fwp%2Fv2%2Fcategories&post=9568"},{"taxonomy":"post_tag","embeddable":true,"href":"https:\/\/encuentroinformativo.com.mx\/index.php?rest_route=%2Fwp%2Fv2%2Ftags&post=9568"}],"curies":[{"name":"wp","href":"https:\/\/api.w.org\/{rel}","templated":true}]}}