{"id":9577,"date":"2020-12-30T17:32:21","date_gmt":"2020-12-30T23:32:21","guid":{"rendered":"https:\/\/encuentroinformativo.com.mx\/?p=9577"},"modified":"2020-12-30T17:32:23","modified_gmt":"2020-12-30T23:32:23","slug":"se-incendia-nuevamente-basurero-de-veracruz-puerto","status":"publish","type":"post","link":"https:\/\/encuentroinformativo.com.mx\/?p=9577","title":{"rendered":"Se incendia nuevamente basurero de Veracruz puerto"},"content":{"rendered":"\n<p><strong>Alejandro \u00c1vila<\/strong><\/p>\n\n\n\n<p>Veracruz, Ver.- Una vez y por causas a\u00fan desconocidas se incendio el basurero a cielo abierto de la ciudad de Veracruz, mismo que fue clausurado hace varios meses por la Procuradur\u00eda de Medio Ambiente (PMA).<\/p>\n\n\n\n<p>Este sitio, ubicado a un costado de la carretera federal Veracruz &#8211; Cardel, volvi\u00f3 a arder en llamas y el humo se expandio por la zona norte de la ciudad, por lo que ciudadanos hicieron el reporte al 911.<\/p>\n\n\n\n<p>Este medio d\u00eda de miercoles, ante la alerta se movilizaron el Heroico Cuerpo de Bomberos de Veracruz, Protecci\u00f3n Civil Municipal, quienes recibieron el apoyo de Bomberos Conurbados, APIVER, y personal de la Secretaria de Marina.<\/p>\n\n\n\n<p>Afortunadamente la cortina de humo se dirigi\u00f3 hacia el mar y no sobre los fraccionamientos habitacionales cercanos, pero eso no fue motivo para iniciar con los trabajos para mitigar el siniestro.<\/p>\n\n\n\n<p>La atenci\u00f3n podr\u00eda prolongarse por varios d\u00edas, como ha pasado en anteriores ocasiones, debido a que el fuego en este tipo de incendio se va hacia el interior de la misma monta\u00f1a de basura, por lo que a decir de las autoridades que trabajan, est\u00e1n tratando de evitar que esto suceda, ya que este jueves est\u00e1 programado &#8220;norte&#8221; y complicar\u00eda los trabajos.<\/p>\n\n\n\n<p>Personal del Ayuntamiento de Veracruz, lleg\u00f3 con trascabos para mover la basura y m\u00e1s unidades tipo cisterna para poder combatir las llamas y evitar que se siga propagando el fuego.<\/p>\n","protected":false},"excerpt":{"rendered":"<p>Alejandro \u00c1vila Veracruz, Ver.- Una vez y por causas a\u00fan desconocidas se incendio el basurero a cielo abierto de la ciudad de Veracruz, mismo que fue clausurado hace varios meses por la Procuradur\u00eda de Medio Ambiente (PMA). Este sitio, ubicado a un costado de la carretera federal Veracruz &#8211; Cardel, volvi\u00f3 a arder en llamas [&hellip;]<\/p>\n","protected":false},"author":1,"featured_media":9578,"comment_status":"open","ping_status":"open","sticky":false,"template":"","format":"standard","meta":{"_jetpack_memberships_contains_paid_content":false,"footnotes":""},"categories":[2],"tags":[],"class_list":["post-9577","post","type-post","status-publish","format-standard","has-post-thumbnail","hentry","category-estado"],"jetpack_featured_media_url":"https:\/\/encuentroinformativo.com.mx\/wp-content\/uploads\/2020\/12\/A1B04090-68DA-4FDD-8681-7A00360EBFF1.jpeg","jetpack_sharing_enabled":true,"jetpack_likes_enabled":true,"amp_enabled":true,"_links":{"self":[{"href":"https:\/\/encuentroinformativo.com.mx\/index.php?rest_route=\/wp\/v2\/posts\/9577","targetHints":{"allow":["GET"]}}],"collection":[{"href":"https:\/\/encuentroinformativo.com.mx\/index.php?rest_route=\/wp\/v2\/posts"}],"about":[{"href":"https:\/\/encuentroinformativo.com.mx\/index.php?rest_route=\/wp\/v2\/types\/post"}],"author":[{"embeddable":true,"href":"https:\/\/encuentroinformativo.com.mx\/index.php?rest_route=\/wp\/v2\/users\/1"}],"replies":[{"embeddable":true,"href":"https:\/\/encuentroinformativo.com.mx\/index.php?rest_route=%2Fwp%2Fv2%2Fcomments&post=9577"}],"version-history":[{"count":1,"href":"https:\/\/encuentroinformativo.com.mx\/index.php?rest_route=\/wp\/v2\/posts\/9577\/revisions"}],"predecessor-version":[{"id":9579,"href":"https:\/\/encuentroinformativo.com.mx\/index.php?rest_route=\/wp\/v2\/posts\/9577\/revisions\/9579"}],"wp:featuredmedia":[{"embeddable":true,"href":"https:\/\/encuentroinformativo.com.mx\/index.php?rest_route=\/wp\/v2\/media\/9578"}],"wp:attachment":[{"href":"https:\/\/encuentroinformativo.com.mx\/index.php?rest_route=%2Fwp%2Fv2%2Fmedia&parent=9577"}],"wp:term":[{"taxonomy":"category","embeddable":true,"href":"https:\/\/encuentroinformativo.com.mx\/index.php?rest_route=%2Fwp%2Fv2%2Fcategories&post=9577"},{"taxonomy":"post_tag","embeddable":true,"href":"https:\/\/encuentroinformativo.com.mx\/index.php?rest_route=%2Fwp%2Fv2%2Ftags&post=9577"}],"curies":[{"name":"wp","href":"https:\/\/api.w.org\/{rel}","templated":true}]}}