{"id":9589,"date":"2020-12-31T12:59:15","date_gmt":"2020-12-31T18:59:15","guid":{"rendered":"https:\/\/encuentroinformativo.com.mx\/?p=9589"},"modified":"2020-12-31T12:59:17","modified_gmt":"2020-12-31T18:59:17","slug":"condena-arquidiocesis-aprobacion-del-aborto-en-argentina","status":"publish","type":"post","link":"https:\/\/encuentroinformativo.com.mx\/?p=9589","title":{"rendered":"Condena Arquidi\u00f3cesis aprobaci\u00f3n del aborto en Argentina"},"content":{"rendered":"\n<p><strong>Juan Arcos <\/strong><\/p>\n\n\n\n<p>Xalapa, Ver.- El vocero de la Arquidi\u00f3cesis de Xalapa, Jos\u00e9 Manuel Suazo Reyes, lament\u00f3 que el Senado de Argentina haya cedido a presiones internacionales para legalizar en su pa\u00eds el \u201ccrimen horrendo del aborto\u201d.<\/p>\n\n\n\n<p>El Presb\u00edtero se\u00f1al\u00f3 que con dicha situaci\u00f3n se violenta el derecho m\u00e1s importante en la sociedad: el derecho a la vida.<\/p>\n\n\n\n<p>\u201cEl aborto siempre ser\u00e1 un cruel asesinato, es el exterminio de una vida inocente. Con el aborto se da\u00f1a a toda la humanidad\u201d, enfatiz\u00f3.<\/p>\n\n\n\n<p>El Sacerdote refut\u00f3 que la despenalizaci\u00f3n del aborto representa una imposici\u00f3n de la cultura de la muerte en el mundo.<\/p>\n\n\n\n<p>\u201cLa ley de la selva se ha impuesto en ese pa\u00eds, da\u00f1ando el futuro de su gente e imponiendo la cultura de la muerte\u201d.<\/p>\n\n\n\n<p>Suazo Reyes se\u00f1al\u00f3 que la Iglesia Cat\u00f3lica continuar\u00e1 llevando a cabo acciones para defender el derecho a la vida.<\/p>\n\n\n\n<p>\u201cSeguiremos defiendo la vida en todas las etapas de su existencia, toda vida humana es digna. Debemos proteger las dos vidas: la del concebido y la de su madre\u201d, remat\u00f3 el vocero de la Arquidi\u00f3cesis de Xalapa.<\/p>\n","protected":false},"excerpt":{"rendered":"<p>Juan Arcos Xalapa, Ver.- El vocero de la Arquidi\u00f3cesis de Xalapa, Jos\u00e9 Manuel Suazo Reyes, lament\u00f3 que el Senado de Argentina haya cedido a presiones internacionales para legalizar en su pa\u00eds el \u201ccrimen horrendo del aborto\u201d. El Presb\u00edtero se\u00f1al\u00f3 que con dicha situaci\u00f3n se violenta el derecho m\u00e1s importante en la sociedad: el derecho a [&hellip;]<\/p>\n","protected":false},"author":1,"featured_media":9590,"comment_status":"open","ping_status":"open","sticky":false,"template":"","format":"standard","meta":{"_jetpack_memberships_contains_paid_content":false,"footnotes":""},"categories":[3],"tags":[],"class_list":["post-9589","post","type-post","status-publish","format-standard","has-post-thumbnail","hentry","category-xalapa"],"jetpack_featured_media_url":"https:\/\/encuentroinformativo.com.mx\/wp-content\/uploads\/2020\/12\/B38C32AF-AC00-4151-8897-0515FCE277AD.jpeg","jetpack_sharing_enabled":true,"jetpack_likes_enabled":true,"amp_enabled":true,"_links":{"self":[{"href":"https:\/\/encuentroinformativo.com.mx\/index.php?rest_route=\/wp\/v2\/posts\/9589","targetHints":{"allow":["GET"]}}],"collection":[{"href":"https:\/\/encuentroinformativo.com.mx\/index.php?rest_route=\/wp\/v2\/posts"}],"about":[{"href":"https:\/\/encuentroinformativo.com.mx\/index.php?rest_route=\/wp\/v2\/types\/post"}],"author":[{"embeddable":true,"href":"https:\/\/encuentroinformativo.com.mx\/index.php?rest_route=\/wp\/v2\/users\/1"}],"replies":[{"embeddable":true,"href":"https:\/\/encuentroinformativo.com.mx\/index.php?rest_route=%2Fwp%2Fv2%2Fcomments&post=9589"}],"version-history":[{"count":1,"href":"https:\/\/encuentroinformativo.com.mx\/index.php?rest_route=\/wp\/v2\/posts\/9589\/revisions"}],"predecessor-version":[{"id":9591,"href":"https:\/\/encuentroinformativo.com.mx\/index.php?rest_route=\/wp\/v2\/posts\/9589\/revisions\/9591"}],"wp:featuredmedia":[{"embeddable":true,"href":"https:\/\/encuentroinformativo.com.mx\/index.php?rest_route=\/wp\/v2\/media\/9590"}],"wp:attachment":[{"href":"https:\/\/encuentroinformativo.com.mx\/index.php?rest_route=%2Fwp%2Fv2%2Fmedia&parent=9589"}],"wp:term":[{"taxonomy":"category","embeddable":true,"href":"https:\/\/encuentroinformativo.com.mx\/index.php?rest_route=%2Fwp%2Fv2%2Fcategories&post=9589"},{"taxonomy":"post_tag","embeddable":true,"href":"https:\/\/encuentroinformativo.com.mx\/index.php?rest_route=%2Fwp%2Fv2%2Ftags&post=9589"}],"curies":[{"name":"wp","href":"https:\/\/api.w.org\/{rel}","templated":true}]}}