{"id":9592,"date":"2020-12-31T13:09:18","date_gmt":"2020-12-31T19:09:18","guid":{"rendered":"https:\/\/encuentroinformativo.com.mx\/?p=9592"},"modified":"2020-12-31T13:09:20","modified_gmt":"2020-12-31T19:09:20","slug":"se-destapa-fernando-yunes-para-el-24","status":"publish","type":"post","link":"https:\/\/encuentroinformativo.com.mx\/?p=9592","title":{"rendered":"Se destapa Fernando Yunes para el 24"},"content":{"rendered":"\n<p><strong>Alejandro \u00c1vila<\/strong><\/p>\n\n\n\n<p>Veracruz, Ver.- El alcalde de Veracruz, Fernando Yunes M\u00e1rquez asegur\u00f3 que terminar\u00e1 su administraci\u00f3n municipal de cuatro a\u00f1os, toda vez que han surgido rumores de su salida para buscar una curul federal en 2021.<\/p>\n\n\n\n<p>De la misma manera, confirm\u00f3 que no tiene intenciones de \u201cchapulinear\u201d pues eso a la gente no le gusta, aunque se\u00f1al\u00f3 que s\u00ed comenzar\u00e1 a caminar los 212 municipios a partir de enero del 2022, pues buscar\u00e1 la gubernatura en 2024.<\/p>\n\n\n\n<p>\u201cNo solo quiero, voy a buscar en el 24, sin duda alguna. No, yo creo que esa vieja idea de que hay que estar en el presupuesto para estar presente, creo que la gente incluso la rechaza, la gente hoy rechaza mucho el que dejes uno para brincar al otro con tal de no quedarte sin chamba, hay diferentes espacios donde t\u00fa puedes dar tu opini\u00f3n, donde puede ser oposici\u00f3n, donde se puede caminar con la gente y yo es lo que voy a hacer como un ciudadano com\u00fan y corriente a partir del primero de enero del 2022 voy a recorrer los otros 211 municipios\u201d, remat\u00f3.<\/p>\n\n\n\n<p>Yunes M\u00e1rquez, relat\u00f3 que a mediados de noviembre, gente cercana a Marko Cort\u00e9s Mendoza, dirigente nacional del PAN se acerc\u00f3 a \u00e9l para tentarlo con la diputaci\u00f3n federal, ya sea por la v\u00eda plurinominal o uninominal, pero esta invitaci\u00f3n fue rechazada, pues les dijo hab\u00eda un compromiso previo con la ciudadan\u00eda, que es culminar sus cuatro a\u00f1os de administraci\u00f3n municipal.<\/p>\n\n\n\n<p>\u201cMe invitaron a ser candidato a diputado federal, ya sea por la v\u00eda plurinominal o uninominal, me siento agradecido, halagado, pero no, yo voy a terminar mis cuatro a\u00f1os, mi compromiso con la gente de Veracruz fue ese, trabajar cuatro a\u00f1os y voy a trabajar los cuatro a\u00f1os completos, hay mucho que nos falta todav\u00eda por hacer y la verdad es que yo no me sentir\u00eda c\u00f3modo dejando la alcald\u00eda con tanta gente que espera mucho de este gobierno y que hemos cumplido, pero que todav\u00eda faltan m\u00e1s cosas por hacer\u201d, apunt\u00f3.<\/p>\n\n\n\n<p>Al respecto de la alianza que se ha dado con el PRI y nuevamente con el PRD, dijo que existe una buena voluntad para lograr acuerdos que beneficien a los partidos pol\u00edticos y sobre todo a los veracruzanos; aunque aclar\u00f3 que lo m\u00e1s complicado ser\u00e1 coordinar una agenda legislativa com\u00fan.<\/p>\n\n\n\n<p>\u201cEs l\u00f3gico cuando tenemos objetivos comunes, de ver como MORENA est\u00e1 destruyendo al Estado, destruyendo al pa\u00eds, pues unirnos en esa causa, ser\u00e1 yo creo que lo m\u00e1s complicado tener una agenda legislativa com\u00fan, me parece que es el reto que las dirigencias tendr\u00e1n\u201d, culmin\u00f3.<\/p>\n","protected":false},"excerpt":{"rendered":"<p>Alejandro \u00c1vila Veracruz, Ver.- El alcalde de Veracruz, Fernando Yunes M\u00e1rquez asegur\u00f3 que terminar\u00e1 su administraci\u00f3n municipal de cuatro a\u00f1os, toda vez que han surgido rumores de su salida para buscar una curul federal en 2021. De la misma manera, confirm\u00f3 que no tiene intenciones de \u201cchapulinear\u201d pues eso a la gente no le gusta, [&hellip;]<\/p>\n","protected":false},"author":1,"featured_media":9593,"comment_status":"open","ping_status":"open","sticky":false,"template":"","format":"standard","meta":{"_jetpack_memberships_contains_paid_content":false,"footnotes":""},"categories":[2],"tags":[],"class_list":["post-9592","post","type-post","status-publish","format-standard","has-post-thumbnail","hentry","category-estado"],"jetpack_featured_media_url":"https:\/\/encuentroinformativo.com.mx\/wp-content\/uploads\/2020\/12\/78CEBE21-3959-4014-A79E-141CB3A122FD.jpeg","jetpack_sharing_enabled":true,"jetpack_likes_enabled":true,"amp_enabled":true,"_links":{"self":[{"href":"https:\/\/encuentroinformativo.com.mx\/index.php?rest_route=\/wp\/v2\/posts\/9592","targetHints":{"allow":["GET"]}}],"collection":[{"href":"https:\/\/encuentroinformativo.com.mx\/index.php?rest_route=\/wp\/v2\/posts"}],"about":[{"href":"https:\/\/encuentroinformativo.com.mx\/index.php?rest_route=\/wp\/v2\/types\/post"}],"author":[{"embeddable":true,"href":"https:\/\/encuentroinformativo.com.mx\/index.php?rest_route=\/wp\/v2\/users\/1"}],"replies":[{"embeddable":true,"href":"https:\/\/encuentroinformativo.com.mx\/index.php?rest_route=%2Fwp%2Fv2%2Fcomments&post=9592"}],"version-history":[{"count":1,"href":"https:\/\/encuentroinformativo.com.mx\/index.php?rest_route=\/wp\/v2\/posts\/9592\/revisions"}],"predecessor-version":[{"id":9594,"href":"https:\/\/encuentroinformativo.com.mx\/index.php?rest_route=\/wp\/v2\/posts\/9592\/revisions\/9594"}],"wp:featuredmedia":[{"embeddable":true,"href":"https:\/\/encuentroinformativo.com.mx\/index.php?rest_route=\/wp\/v2\/media\/9593"}],"wp:attachment":[{"href":"https:\/\/encuentroinformativo.com.mx\/index.php?rest_route=%2Fwp%2Fv2%2Fmedia&parent=9592"}],"wp:term":[{"taxonomy":"category","embeddable":true,"href":"https:\/\/encuentroinformativo.com.mx\/index.php?rest_route=%2Fwp%2Fv2%2Fcategories&post=9592"},{"taxonomy":"post_tag","embeddable":true,"href":"https:\/\/encuentroinformativo.com.mx\/index.php?rest_route=%2Fwp%2Fv2%2Ftags&post=9592"}],"curies":[{"name":"wp","href":"https:\/\/api.w.org\/{rel}","templated":true}]}}