{"id":960,"date":"2020-03-16T10:49:38","date_gmt":"2020-03-16T16:49:38","guid":{"rendered":"https:\/\/encuentroinformativo.com\/?p=960"},"modified":"2020-03-16T10:49:40","modified_gmt":"2020-03-16T16:49:40","slug":"y-finalmente-lo-cancelaron","status":"publish","type":"post","link":"https:\/\/encuentroinformativo.com.mx\/?p=960","title":{"rendered":"Y FINALMENTE, LO CANCELARON\u2026"},"content":{"rendered":"\n<p><br>*Veracruz permanece sin casos confirmados de coronavirus.<\/p>\n\n\n\n<p>*Marchan por Silvia Jazm\u00edn en Minatitl\u00e1n.<\/p>\n\n\n\n<p>*Aguas con las fake news del empresario dizque muerto.<\/p>\n\n\n\n<p><em>El peor contagio no es el de Coronavirus, es el de la terquedad de YSQ en plena pandemia\u2026<br> &#8211;Chopenjawer<\/em><\/p>\n\n\n\n<p>A finales de febrero, publicamos en redes sociales unos comentarios sobre las razones por las cuales deb\u00eda considerarse la cancelaci\u00f3n de Cumbre Taj\u00edn, ante la presencia del Coronavirus COVID19.<\/p>\n\n\n\n<p>&#8220;A estas alturas, las autoridades del Gobierno del Estado de Veracruz deber\u00edan estar considerando la cancelaci\u00f3n de la Cumbre Taj\u00edn 2020, as\u00ed como en Italia cancelaron el Carnaval de Venecia. La concentraci\u00f3n masiva de gente es algo que ha preocupado a potencias mundiales\u2026 No es descabellado que por protecci\u00f3n a la poblaci\u00f3n se hagan estas prevenciones; m\u00e1s en un evento de tres d\u00edas a donde pueden llegar personas viajeras &#8211;hasta del extranjero&#8211; que convivir\u00e1n con pueblos ind\u00edgenas, con poco acceso a servicios de Salud&#8221;.<\/p>\n\n\n\n<p>Por esas fechas, la Universidad Veracruzana anunciaba la cancelaci\u00f3n de la visita de la delegaci\u00f3n china a la Feria Internacional del Libro Universitario (FILU) cuyo invitado especial era precisamente el pa\u00eds asi\u00e1tico.<\/p>\n\n\n\n<p>Finalmente, el tiempo nos dio la raz\u00f3n: precisamente en los d\u00edas de la Cumbre Taj\u00edn (13 al 15 de este mes) se dispararon los contagios por COVID19 que hoy suman 53 en todo el pa\u00eds, seg\u00fan el Comunicado T\u00e9cnico Diario. Tambi\u00e9n se incrementaron las cancelaciones de eventos masivos por prevenci\u00f3n y el anuncio del s\u00e1bado de la Secretar\u00eda de Educaci\u00f3n P\u00fablica para adelantar las vacaciones de Semana Santa que se extender\u00e1n a 30 d\u00edas: del viernes 20 de marzo hasta el 20 de abril.<\/p>\n\n\n\n<p>Seg\u00fan cifras de la Secretar\u00eda de Turismo, el primer d\u00eda de la Cumbre Taj\u00edn se contabilizaron 18 mil visitantes y 23 mil el segundo d\u00eda, tomando en cuenta las sedes alternas como Papantla y Poza Rica. Incluso aseguran que los hoteles estuvieron en promedio al 90% de ocupaci\u00f3n.<\/p>\n\n\n\n<p>Habr\u00eda qu\u00e9 decir que efectivamente todo el Parque Tem\u00e1tico Takilhsukut no se ve\u00eda &#8220;vac\u00edo&#8221;, pero los que de plano lucieron desangelados fueron los conciertos, especialmente los del segundo d\u00eda: un cartel poco atractivo, grupos poco conocidos.<\/p>\n\n\n\n<p>Las fechas quiz\u00e1s fueron otro error de c\u00e1lculo para esta edici\u00f3n de la Cumbre Taj\u00edn 2020: coincidieron con  el arranque del Festival Vive Latino, uno de los m\u00e1s importantes en todo el pa\u00eds, que adem\u00e1s presentaron en su primer d\u00eda a la legendaria banda Guns N&#8217; Roses, a los mu\u00f1ecos chidos de 31 Minutos, a Carlos Vives, Vicentico, a los Cardigans, Bersuit Vergarabat, The Rasmus, y eso s\u00f3lo el s\u00e1bado 14 de marzo, que ser\u00eda el segundo d\u00eda de Cumbre Taj\u00edn.<\/p>\n\n\n\n<p>Por lo anterior, es altamente probable que casi toda la chaviza, chavorrucos y fan\u00e1ticos musicales hayan preferido ir este fin de semana a la CDMX, con todo y Coronavirus. Para este domingo, Cumbre Taj\u00edn tampoco ten\u00eda un cartel muy atractivo.<\/p>\n\n\n\n<p>Otro de los eventos que atraen al turismo nacional son las famosas &#8220;recargas de energ\u00eda&#8221; que se hacen en la zona arqueol\u00f3gica durante los d\u00edas del equinoccio de primavera, pero esta vez las fechas tampoco coincidieron.<\/p>\n\n\n\n<p>No podemos dejar de mencionar el exceso de violencia presentado al inicio de la Cumbre Taj\u00edn con una manifestaci\u00f3n que era f\u00e1cil de detectar (todos los a\u00f1os protesta la misma organizaci\u00f3n) y que apostaron a desalojar sin antes desactivar la protesta. De esto, hasta diputados de MORENA se quejaron.<\/p>\n\n\n\n<p>Por lo pronto, el \u00faltimo d\u00eda de este domingo prefirieron suspender, por vez primera en su historia, la Cumbre Taj\u00edn.<\/p>\n\n\n\n<p>Quiz\u00e1s esta experiencia deber\u00eda ir haciendo pensar a los organizadores sobre una refundaci\u00f3n de la Cumbre Taj\u00edn: meter nuevas ideas, nuevo equipo, y ponerse a trabajar desde ahorita para el pr\u00f3ximo a\u00f1o, para que no los agarren las prisas.<\/p>\n\n\n\n<p><strong>NOTA PARA PEGAR EN EL REFRI:<\/strong> Veracruz permanece sin casos confirmados de coronavirus, seg\u00fan conclusiones de la Segunda Reuni\u00f3n Extraordinaria del Consejo Estatal de Salud realizada este domingo. A nivel nacional se registran 53 casos y la entidad veracruzana aparece con 9 casos sospechosos. Por mientras, la diputada local y Presidenta de la Comisi\u00f3n de Salud del Congreso del Estado, Andrea Yunes Yunes exhort\u00f3 este domingo al gobierno de Cuitl\u00e1huac Garc\u00eda para que declare a Veracruz en cuarentena como medida de prevenci\u00f3n ante la presencia nuevos casos sospechosos de la pandemia del Covid-19.<\/p>\n\n\n\n<p><strong>OTRA NOTA: <\/strong>&#8220;Decenas de personas salieron a las calles de Minatitl\u00e1n durante la ma\u00f1ana de este domingo para manifestarse pac\u00edficamente y exigir justicia por el crimen de la joven Silvia Jazm\u00edn Armend\u00e1riz Alpuche, ocurrido en agosto del 2019 a manos de un trabajador de Petr\u00f3leos Mexicanos (Pemex)\u2026 Sus padres lamentaron que luego de siete meses y a pesar de que la Fiscal\u00eda General del Estado (FGE) ofreci\u00f3 una recompensa de 250 mil pesos para quien proporcione informaci\u00f3n que permita la captura de Aldo Ad\u00e1n Castel\u00e1n Garc\u00eda la Polic\u00eda Ministerial no ha logrado su captura&#8221;. La movilizaci\u00f3n la inform\u00f3 el portal Versiones. Un brutal y atroz asesinato sin resolver que no ha resuelto la Fiscal\u00eda General del Estado.<\/p>\n\n\n\n<p><strong>LA \u00daLTIMA PORQUE HAY QUE IR POR LAS CROQUETAS DE LA TITI: <\/strong>Que este domingo por la noche, medios nacionales ya aseguraban que hab\u00eda fallecido un pariente del magnate Carlos Slim por complicaciones del Coronavirus; el chiste es que se hicieron bolas, porque la informaci\u00f3n no estaba confirmada, luego dijeron que s\u00f3lo estaba enfermo, y otros que era falso. Tambi\u00e9n hab\u00eda confusi\u00f3n con la fotograf\u00eda del &#8220;finado&#8221;: unos colocaron la foto de un joven, otra de un se\u00f1or de la tercera edad, etc\u2026 El asunto es que esto del Coronavirus trae locos a todos.<\/p>\n","protected":false},"excerpt":{"rendered":"<p>*Veracruz permanece sin casos confirmados de coronavirus. *Marchan por Silvia Jazm\u00edn en Minatitl\u00e1n. *Aguas con las fake news del empresario dizque muerto. El peor contagio no es el de Coronavirus, es el de la terquedad de YSQ en plena pandemia\u2026 &#8211;Chopenjawer A finales de febrero, publicamos en redes sociales unos comentarios sobre las razones por [&hellip;]<\/p>\n","protected":false},"author":1,"featured_media":488,"comment_status":"open","ping_status":"open","sticky":false,"template":"","format":"standard","meta":{"_jetpack_memberships_contains_paid_content":false,"footnotes":""},"categories":[11],"tags":[],"class_list":["post-960","post","type-post","status-publish","format-standard","has-post-thumbnail","hentry","category-opinion"],"jetpack_featured_media_url":"https:\/\/encuentroinformativo.com.mx\/wp-content\/uploads\/2020\/03\/F471F608-BA1A-416B-BA7B-BCFB24F4E6D0.jpeg","jetpack_sharing_enabled":true,"jetpack_likes_enabled":true,"amp_enabled":true,"_links":{"self":[{"href":"https:\/\/encuentroinformativo.com.mx\/index.php?rest_route=\/wp\/v2\/posts\/960","targetHints":{"allow":["GET"]}}],"collection":[{"href":"https:\/\/encuentroinformativo.com.mx\/index.php?rest_route=\/wp\/v2\/posts"}],"about":[{"href":"https:\/\/encuentroinformativo.com.mx\/index.php?rest_route=\/wp\/v2\/types\/post"}],"author":[{"embeddable":true,"href":"https:\/\/encuentroinformativo.com.mx\/index.php?rest_route=\/wp\/v2\/users\/1"}],"replies":[{"embeddable":true,"href":"https:\/\/encuentroinformativo.com.mx\/index.php?rest_route=%2Fwp%2Fv2%2Fcomments&post=960"}],"version-history":[{"count":1,"href":"https:\/\/encuentroinformativo.com.mx\/index.php?rest_route=\/wp\/v2\/posts\/960\/revisions"}],"predecessor-version":[{"id":961,"href":"https:\/\/encuentroinformativo.com.mx\/index.php?rest_route=\/wp\/v2\/posts\/960\/revisions\/961"}],"wp:featuredmedia":[{"embeddable":true,"href":"https:\/\/encuentroinformativo.com.mx\/index.php?rest_route=\/wp\/v2\/media\/488"}],"wp:attachment":[{"href":"https:\/\/encuentroinformativo.com.mx\/index.php?rest_route=%2Fwp%2Fv2%2Fmedia&parent=960"}],"wp:term":[{"taxonomy":"category","embeddable":true,"href":"https:\/\/encuentroinformativo.com.mx\/index.php?rest_route=%2Fwp%2Fv2%2Fcategories&post=960"},{"taxonomy":"post_tag","embeddable":true,"href":"https:\/\/encuentroinformativo.com.mx\/index.php?rest_route=%2Fwp%2Fv2%2Ftags&post=960"}],"curies":[{"name":"wp","href":"https:\/\/api.w.org\/{rel}","templated":true}]}}